{"id":1306,"date":"2023-01-31T14:38:41","date_gmt":"2023-01-31T14:38:41","guid":{"rendered":"https:\/\/forotf.com\/buena-vejez-se-une-al-programa-encagen-cm-para-combatir-el-edadismo\/"},"modified":"2024-03-19T10:53:37","modified_gmt":"2024-03-19T10:53:37","slug":"buena-vejez-se-une-al-programa-encagen-cm-para-combatir-el-edadismo","status":"publish","type":"post","link":"https:\/\/forotf.com\/pt\/buena-vejez-se-une-al-programa-encagen-cm-para-combatir-el-edadismo\/","title":{"rendered":"BUENA OLD JEZ adere ao programa ENCAGEn-CM de combate ao preconceito de idade"},"content":{"rendered":"<p>O grupo de pesquisa sobre envelhecimento (<a href=\"https:\/\/www.uspceu.com\/investigacion\/grupos-investigacion\/id\/buenavejez\" target=\"_blank\" rel=\"noopener noreferrer nofollow\">BOA VELHA<\/a>) foi incorporado como um grupo associado a <a href=\"https:\/\/encage-cm.csic.es\/\" target=\"_blank\" rel=\"noopener noreferrer nofollow\">ENCAGEn-CM<\/a>, o programa de atividades de I&amp;D sobre envelhecimento ativo, qualidade de vida e g\u00e9nero, financiado pela Comunidade de Madrid e pelo Fundo Social Europeu. Com o objetivo de <strong>promover uma imagem positiva da velhice e do envelhecimento<\/strong>O ENCAGEn-CM busca gerar, trocar e transferir conhecimento sobre a imagem que a sociedade tem da velhice e gerar debate para a implementa\u00e7\u00e3o de estrat\u00e9gias de a\u00e7\u00e3o para redu\u00e7\u00e3o do idadismo.<\/p>\n<p>Agora, com a incorpora\u00e7\u00e3o do BUENA OLD JEZ, o objetivo do programa \u00e9 proporcionar \u00e0 sociedade conhecimento sobre o <strong>imagem social e estere\u00f3tipos da velhice<\/strong> no contexto do envelhecimento ativo e saud\u00e1vel. Para isso, o ENCAGEn-CM marcou os seguintes <strong>prop\u00f3sitos<\/strong>:<\/p>\n<ul>\n<li>Consolidar o cons\u00f3rcio e as suas capacidades de investiga\u00e7\u00e3o e interc\u00e2mbio com outras equipas de investiga\u00e7\u00e3o nacionais e internacionais atrav\u00e9s da forma\u00e7\u00e3o, investiga\u00e7\u00e3o e participa\u00e7\u00e3o em redes.<\/li>\n<li>Transferir conhecimento para agentes sociais, idosos e organiza\u00e7\u00f5es da sociedade civil.<\/li>\n<li>Divulgar os resultados encontrados atrav\u00e9s da realiza\u00e7\u00e3o de eventos, publica\u00e7\u00e3o de literatura cient\u00edfica e divulga\u00e7\u00e3o em <a href=\"http:\/\/encage-cm.es\" target=\"_blank\" rel=\"noopener noreferrer nofollow\">plataformas web<\/a> e Twitter.<\/li>\n<li>Desenvolver uma estrat\u00e9gia de a\u00e7\u00e3o para reduzir o preconceito de idade, tendo em conta a\u00e7\u00f5es descendentes e ascendentes.<\/li>\n<\/ul>\n<p>Especificamente, o programa \u00e9 formado por um cons\u00f3rcio coordenado pelo Grupo de Investiga\u00e7\u00e3o sobre Envelhecimento do Conselho Superior de Investiga\u00e7\u00e3o Cient\u00edfica (GIE-CSIC), e centrado na Comunidade de Madrid. Da mesma forma, o ENCAGEn-CM \u00e9 composto por um <strong>equipe de trabalho multidisciplinar<\/strong> oriundos de diversas institui\u00e7\u00f5es regionais, nacionais e internacionais, de car\u00e1ter cient\u00edfico, docente e empresarial.<\/p>\n<p>De facto, Gema P\u00e9rez e Javier L\u00f3pez, ambos doutores em psicologia, investigadores do grupo BUENA VEJEZ e parte do <strong>Comit\u00ea Consultivo T\u00e9cnico do F\u00f3rum de Treinamento T\u00e9cnico<\/strong>, fazem parte desta equipe multidisciplinar.<\/p>\n<h2>Combater o preconceito de idade atrav\u00e9s da ci\u00eancia e da investiga\u00e7\u00e3o<\/h2>\n<p>O Grupo de Pesquisa sobre Envelhecimento (BUENA OLD JEZ), validado em 2020 como Grupo de Pesquisa do <a href=\"https:\/\/www.uspceu.com\/\" target=\"_blank\" rel=\"noopener noreferrer nofollow\">Universidade S\u00e3o Paulo CEU<\/a>, \u00e9 composto por 10 membros, vinculados \u00e0 \u00e1rea de <strong>a Psicologia do Envelhecimento<\/strong>. Para abordar os problemas psicol\u00f3gicos dos idosos, dos seus familiares e dos profissionais respons\u00e1veis pelos seus cuidados, o grupo desenvolve trabalhos de investiga\u00e7\u00e3o baseados no desenvolvimento de protocolos de avalia\u00e7\u00e3o com qualidade psicom\u00e9trica e na concep\u00e7\u00e3o, aplica\u00e7\u00e3o e avalia\u00e7\u00e3o de programas de interven\u00e7\u00e3o eficazes.<\/p>\n<p>Desta forma, \u00e9 poss\u00edvel aprofundar o conhecimento do <strong>rea\u00e7\u00f5es psicol\u00f3gicas na velhice,<\/strong> desde o desenvolvimento de dist\u00farbios at\u00e9 a consolida\u00e7\u00e3o de aspectos positivos.<\/p>\n<figure id=\"attachment_7725\" aria-describedby=\"caption-attachment-7725\" style=\"width: 630px\" class=\"wp-caption aligncenter\"><img fetchpriority=\"high\" decoding=\"async\" class=\"wp-image-7725 size-medium\" src=\"https:\/\/forotf.com\/wp-content\/uploads\/2023\/01\/BUENA-VEJEZ-y-ENCAGEn\u2013CM-II-min-630x420.jpg\" alt=\"Gema P\u00e9rez y Javier L\u00f3pez, del equipo de investigaci\u00f3n BUENA VEJEZ y del equipo de ENCAGEn\u2013CM\" width=\"630\" height=\"420\" \/><figcaption id=\"caption-attachment-7725\" class=\"wp-caption-text\">Javier L\u00f3pez Mart\u00ednez e Gema P\u00e9rez Rojo s\u00e3o pesquisadores principais do Grupo de Pesquisa sobre Envelhecimento (BUENA VEJEZ).<\/figcaption><\/figure>","protected":false},"excerpt":{"rendered":"<p>O grupo de investiga\u00e7\u00e3o sobre Envelhecimento (BUENA OLD JEZ) associou-se como grupo associado ao ENCAGEn-CM, o programa de atividades de I&amp;D sobre envelhecimento ativo, qualidade de vida e g\u00e9nero, financiado pela Comunidade de Madrid e pelo Fundo Social Europeu. Com o objetivo de promover uma imagem positiva da velhice e do envelhecimento, o ENCAGEn-CM [\u2026]<\/p>","protected":false},"author":1,"featured_media":1516,"comment_status":"open","ping_status":"open","sticky":false,"template":"","format":"standard","meta":{"footnotes":""},"categories":[135],"tags":[],"class_list":["post-1306","post","type-post","status-publish","format-standard","has-post-thumbnail","hentry","category-sobre-foro"],"pp_statuses_selecting_workflow":false,"pp_workflow_action":"current","pp_status_selection":"publish","yoast_head":"<!-- This site is optimized with the Yoast SEO plugin v27.5 - https:\/\/yoast.com\/product\/yoast-seo-wordpress\/ -->\n<title>BUENA VEJEZ se une al programa ENCAGEn-CM para combatir el edadismo | Foro T\u00e9cnico de Formaci\u00f3n<\/title>\n<meta name=\"robots\" content=\"index, follow, max-snippet:-1, max-image-preview:large, max-video-preview:-1\" \/>\n<link rel=\"canonical\" href=\"http:\/\/forotf.com\/pt\/buena-vejez-se-une-al-programa-encagen-cm-para-combatir-el-edadismo\/\" \/>\n<meta property=\"og:locale\" content=\"pt_BR\" \/>\n<meta property=\"og:type\" content=\"article\" \/>\n<meta property=\"og:title\" content=\"BUENA VEJEZ se une al programa ENCAGEn-CM para combatir el edadismo | Foro T\u00e9cnico de Formaci\u00f3n\" \/>\n<meta property=\"og:description\" content=\"El grupo de investigaci\u00f3n Envejecimiento (BUENA VEJEZ) se ha incorporado como grupo asociado a ENCAGEn-CM, el programa de actividades I+D sobre envejecimiento activo, calidad de vida y g\u00e9nero, financiado por la Comunidad de Madrid y por el Fondo Social Europeo. Con el objetivo de promover una imagen positiva de la vejez y el envejecimiento, ENCAGEn-CM [&hellip;]\" \/>\n<meta property=\"og:url\" content=\"http:\/\/forotf.com\/pt\/buena-vejez-se-une-al-programa-encagen-cm-para-combatir-el-edadismo\/\" \/>\n<meta property=\"og:site_name\" content=\"Foro T\u00e9cnico de Formaci\u00f3n\" \/>\n<meta property=\"article:publisher\" content=\"https:\/\/es-es.facebook.com\/forotf\/\" \/>\n<meta property=\"article:published_time\" content=\"2023-01-31T14:38:41+00:00\" \/>\n<meta property=\"article:modified_time\" content=\"2024-03-19T10:53:37+00:00\" \/>\n<meta property=\"og:image\" content=\"http:\/\/forotf.com\/wp-content\/uploads\/2024\/02\/BUENA%20VEJEZ%20se%20une%20al%20programa%20ENCAGEn-CM%20para%20combatir%20el%20edadismo.jpg\" \/>\n\t<meta property=\"og:image:width\" content=\"1200\" \/>\n\t<meta property=\"og:image:height\" content=\"628\" \/>\n\t<meta property=\"og:image:type\" content=\"image\/jpeg\" \/>\n<meta name=\"author\" content=\"joaquinberardi@programon.co\" \/>\n<meta name=\"twitter:card\" content=\"summary_large_image\" \/>\n<script type=\"application\/ld+json\" class=\"yoast-schema-graph\">{\"@context\":\"https:\\\/\\\/schema.org\",\"@graph\":[{\"@type\":\"Article\",\"@id\":\"http:\\\/\\\/forotf.com\\\/pt\\\/buena-vejez-se-une-al-programa-encagen-cm-para-combatir-el-edadismo\\\/#article\",\"isPartOf\":{\"@id\":\"http:\\\/\\\/forotf.com\\\/pt\\\/buena-vejez-se-une-al-programa-encagen-cm-para-combatir-el-edadismo\\\/\"},\"author\":{\"name\":\"joaquinberardi@programon.co\",\"@id\":\"http:\\\/\\\/forotf.com\\\/pt\\\/#\\\/schema\\\/person\\\/52040dc5e350e84072de04a814bb746a\"},\"headline\":\"BUENA VEJEZ se une al programa ENCAGEn-CM para combatir el edadismo\",\"datePublished\":\"2023-01-31T14:38:41+00:00\",\"dateModified\":\"2024-03-19T10:53:37+00:00\",\"mainEntityOfPage\":{\"@id\":\"http:\\\/\\\/forotf.com\\\/pt\\\/buena-vejez-se-une-al-programa-encagen-cm-para-combatir-el-edadismo\\\/\"},\"wordCount\":497,\"commentCount\":0,\"publisher\":{\"@id\":\"http:\\\/\\\/forotf.com\\\/pt\\\/#organization\"},\"image\":{\"@id\":\"http:\\\/\\\/forotf.com\\\/pt\\\/buena-vejez-se-une-al-programa-encagen-cm-para-combatir-el-edadismo\\\/#primaryimage\"},\"thumbnailUrl\":\"https:\\\/\\\/forotf.com\\\/wp-content\\\/uploads\\\/2024\\\/02\\\/BUENA VEJEZ se une al programa ENCAGEn-CM para combatir el edadismo.jpg\",\"articleSection\":[\"Sobre Foro\"],\"inLanguage\":\"pt-BR\",\"potentialAction\":[{\"@type\":\"CommentAction\",\"name\":\"Comment\",\"target\":[\"http:\\\/\\\/forotf.com\\\/pt\\\/buena-vejez-se-une-al-programa-encagen-cm-para-combatir-el-edadismo\\\/#respond\"]}]},{\"@type\":\"WebPage\",\"@id\":\"http:\\\/\\\/forotf.com\\\/pt\\\/buena-vejez-se-une-al-programa-encagen-cm-para-combatir-el-edadismo\\\/\",\"url\":\"http:\\\/\\\/forotf.com\\\/pt\\\/buena-vejez-se-une-al-programa-encagen-cm-para-combatir-el-edadismo\\\/\",\"name\":\"BUENA VEJEZ se une al programa ENCAGEn-CM para combatir el edadismo | Foro T\u00e9cnico de Formaci\u00f3n\",\"isPartOf\":{\"@id\":\"http:\\\/\\\/forotf.com\\\/pt\\\/#website\"},\"primaryImageOfPage\":{\"@id\":\"http:\\\/\\\/forotf.com\\\/pt\\\/buena-vejez-se-une-al-programa-encagen-cm-para-combatir-el-edadismo\\\/#primaryimage\"},\"image\":{\"@id\":\"http:\\\/\\\/forotf.com\\\/pt\\\/buena-vejez-se-une-al-programa-encagen-cm-para-combatir-el-edadismo\\\/#primaryimage\"},\"thumbnailUrl\":\"https:\\\/\\\/forotf.com\\\/wp-content\\\/uploads\\\/2024\\\/02\\\/BUENA VEJEZ se une al programa ENCAGEn-CM para combatir el edadismo.jpg\",\"datePublished\":\"2023-01-31T14:38:41+00:00\",\"dateModified\":\"2024-03-19T10:53:37+00:00\",\"breadcrumb\":{\"@id\":\"http:\\\/\\\/forotf.com\\\/pt\\\/buena-vejez-se-une-al-programa-encagen-cm-para-combatir-el-edadismo\\\/#breadcrumb\"},\"inLanguage\":\"pt-BR\",\"potentialAction\":[{\"@type\":\"ReadAction\",\"target\":[\"http:\\\/\\\/forotf.com\\\/pt\\\/buena-vejez-se-une-al-programa-encagen-cm-para-combatir-el-edadismo\\\/\"]}]},{\"@type\":\"ImageObject\",\"inLanguage\":\"pt-BR\",\"@id\":\"http:\\\/\\\/forotf.com\\\/pt\\\/buena-vejez-se-une-al-programa-encagen-cm-para-combatir-el-edadismo\\\/#primaryimage\",\"url\":\"https:\\\/\\\/forotf.com\\\/wp-content\\\/uploads\\\/2024\\\/02\\\/BUENA VEJEZ se une al programa ENCAGEn-CM para combatir el edadismo.jpg\",\"contentUrl\":\"https:\\\/\\\/forotf.com\\\/wp-content\\\/uploads\\\/2024\\\/02\\\/BUENA VEJEZ se une al programa ENCAGEn-CM para combatir el edadismo.jpg\",\"width\":1200,\"height\":628},{\"@type\":\"BreadcrumbList\",\"@id\":\"http:\\\/\\\/forotf.com\\\/pt\\\/buena-vejez-se-une-al-programa-encagen-cm-para-combatir-el-edadismo\\\/#breadcrumb\",\"itemListElement\":[{\"@type\":\"ListItem\",\"position\":1,\"name\":\"Inicio\",\"item\":\"https:\\\/\\\/forotf.com\\\/\"},{\"@type\":\"ListItem\",\"position\":2,\"name\":\"Sobre Foro\",\"item\":\"https:\\\/\\\/forotf.com\\\/category\\\/sobre-foro\\\/\"},{\"@type\":\"ListItem\",\"position\":3,\"name\":\"BUENA VEJEZ se une al programa ENCAGEn-CM para combatir el edadismo\"}]},{\"@type\":\"WebSite\",\"@id\":\"http:\\\/\\\/forotf.com\\\/pt\\\/#website\",\"url\":\"http:\\\/\\\/forotf.com\\\/pt\\\/\",\"name\":\"Foro T\u00e9cnico de Formaci\u00f3n\",\"description\":\"Formaci\u00f3n para Empresas\",\"publisher\":{\"@id\":\"http:\\\/\\\/forotf.com\\\/pt\\\/#organization\"},\"alternateName\":\"FTF\",\"potentialAction\":[{\"@type\":\"SearchAction\",\"target\":{\"@type\":\"EntryPoint\",\"urlTemplate\":\"http:\\\/\\\/forotf.com\\\/pt\\\/?s={search_term_string}\"},\"query-input\":{\"@type\":\"PropertyValueSpecification\",\"valueRequired\":true,\"valueName\":\"search_term_string\"}}],\"inLanguage\":\"pt-BR\"},{\"@type\":\"Organization\",\"@id\":\"http:\\\/\\\/forotf.com\\\/pt\\\/#organization\",\"name\":\"Foro T\u00e9cnico de Formaci\u00f3n\",\"alternateName\":\"FTF\",\"url\":\"http:\\\/\\\/forotf.com\\\/pt\\\/\",\"logo\":{\"@type\":\"ImageObject\",\"inLanguage\":\"pt-BR\",\"@id\":\"http:\\\/\\\/forotf.com\\\/pt\\\/#\\\/schema\\\/logo\\\/image\\\/\",\"url\":\"https:\\\/\\\/forotf.com\\\/wp-content\\\/uploads\\\/2024\\\/02\\\/Oficial-Logo-FTF-Color.svg\",\"contentUrl\":\"https:\\\/\\\/forotf.com\\\/wp-content\\\/uploads\\\/2024\\\/02\\\/Oficial-Logo-FTF-Color.svg\",\"width\":794,\"height\":212,\"caption\":\"Foro T\u00e9cnico de Formaci\u00f3n\"},\"image\":{\"@id\":\"http:\\\/\\\/forotf.com\\\/pt\\\/#\\\/schema\\\/logo\\\/image\\\/\"},\"sameAs\":[\"https:\\\/\\\/es-es.facebook.com\\\/forotf\\\/\",\"https:\\\/\\\/www.instagram.com\\\/ftformacion\\\/?igshid=MWZjMTM2ODFkZg==\",\"https:\\\/\\\/www.linkedin.com\\\/company\\\/foro-tecnico-de-formacion\\\/?originalSubdomain=es\",\"https:\\\/\\\/www.youtube.com\\\/channel\\\/UCTzzsDUdLaZtfAGiP_ipLIg\"]},{\"@type\":\"Person\",\"@id\":\"http:\\\/\\\/forotf.com\\\/pt\\\/#\\\/schema\\\/person\\\/52040dc5e350e84072de04a814bb746a\",\"name\":\"joaquinberardi@programon.co\",\"image\":{\"@type\":\"ImageObject\",\"inLanguage\":\"pt-BR\",\"@id\":\"https:\\\/\\\/secure.gravatar.com\\\/avatar\\\/bba33812fe14c8b509161ee7dd7f830cf199c1a0b8f4f60145c7015b0c335b82?s=96&d=mm&r=g\",\"url\":\"https:\\\/\\\/secure.gravatar.com\\\/avatar\\\/bba33812fe14c8b509161ee7dd7f830cf199c1a0b8f4f60145c7015b0c335b82?s=96&d=mm&r=g\",\"contentUrl\":\"https:\\\/\\\/secure.gravatar.com\\\/avatar\\\/bba33812fe14c8b509161ee7dd7f830cf199c1a0b8f4f60145c7015b0c335b82?s=96&d=mm&r=g\",\"caption\":\"joaquinberardi@programon.co\"},\"sameAs\":[\"https:\\\/\\\/forotf.com\"]}]}<\/script>\n<!-- \/ Yoast SEO plugin. -->","yoast_head_json":{"title":"BUENA VEJEZ se une al programa ENCAGEn-CM para combatir el edadismo | Foro T\u00e9cnico de Formaci\u00f3n","robots":{"index":"index","follow":"follow","max-snippet":"max-snippet:-1","max-image-preview":"max-image-preview:large","max-video-preview":"max-video-preview:-1"},"canonical":"http:\/\/forotf.com\/pt\/buena-vejez-se-une-al-programa-encagen-cm-para-combatir-el-edadismo\/","og_locale":"pt_BR","og_type":"article","og_title":"BUENA VEJEZ se une al programa ENCAGEn-CM para combatir el edadismo | Foro T\u00e9cnico de Formaci\u00f3n","og_description":"El grupo de investigaci\u00f3n Envejecimiento (BUENA VEJEZ) se ha incorporado como grupo asociado a ENCAGEn-CM, el programa de actividades I+D sobre envejecimiento activo, calidad de vida y g\u00e9nero, financiado por la Comunidad de Madrid y por el Fondo Social Europeo. Con el objetivo de promover una imagen positiva de la vejez y el envejecimiento, ENCAGEn-CM [&hellip;]","og_url":"http:\/\/forotf.com\/pt\/buena-vejez-se-une-al-programa-encagen-cm-para-combatir-el-edadismo\/","og_site_name":"Foro T\u00e9cnico de Formaci\u00f3n","article_publisher":"https:\/\/es-es.facebook.com\/forotf\/","article_published_time":"2023-01-31T14:38:41+00:00","article_modified_time":"2024-03-19T10:53:37+00:00","og_image":[{"width":1200,"height":628,"url":"http:\/\/forotf.com\/wp-content\/uploads\/2024\/02\/BUENA VEJEZ se une al programa ENCAGEn-CM para combatir el edadismo.jpg","type":"image\/jpeg"}],"author":"joaquinberardi@programon.co","twitter_card":"summary_large_image","schema":{"@context":"https:\/\/schema.org","@graph":[{"@type":"Article","@id":"http:\/\/forotf.com\/pt\/buena-vejez-se-une-al-programa-encagen-cm-para-combatir-el-edadismo\/#article","isPartOf":{"@id":"http:\/\/forotf.com\/pt\/buena-vejez-se-une-al-programa-encagen-cm-para-combatir-el-edadismo\/"},"author":{"name":"joaquinberardi@programon.co","@id":"http:\/\/forotf.com\/pt\/#\/schema\/person\/52040dc5e350e84072de04a814bb746a"},"headline":"BUENA VEJEZ se une al programa ENCAGEn-CM para combatir el edadismo","datePublished":"2023-01-31T14:38:41+00:00","dateModified":"2024-03-19T10:53:37+00:00","mainEntityOfPage":{"@id":"http:\/\/forotf.com\/pt\/buena-vejez-se-une-al-programa-encagen-cm-para-combatir-el-edadismo\/"},"wordCount":497,"commentCount":0,"publisher":{"@id":"http:\/\/forotf.com\/pt\/#organization"},"image":{"@id":"http:\/\/forotf.com\/pt\/buena-vejez-se-une-al-programa-encagen-cm-para-combatir-el-edadismo\/#primaryimage"},"thumbnailUrl":"https:\/\/forotf.com\/wp-content\/uploads\/2024\/02\/BUENA VEJEZ se une al programa ENCAGEn-CM para combatir el edadismo.jpg","articleSection":["Sobre Foro"],"inLanguage":"pt-BR","potentialAction":[{"@type":"CommentAction","name":"Comment","target":["http:\/\/forotf.com\/pt\/buena-vejez-se-une-al-programa-encagen-cm-para-combatir-el-edadismo\/#respond"]}]},{"@type":"WebPage","@id":"http:\/\/forotf.com\/pt\/buena-vejez-se-une-al-programa-encagen-cm-para-combatir-el-edadismo\/","url":"http:\/\/forotf.com\/pt\/buena-vejez-se-une-al-programa-encagen-cm-para-combatir-el-edadismo\/","name":"BUENA VEJEZ se une al programa ENCAGEn-CM para combatir el edadismo | Foro T\u00e9cnico de Formaci\u00f3n","isPartOf":{"@id":"http:\/\/forotf.com\/pt\/#website"},"primaryImageOfPage":{"@id":"http:\/\/forotf.com\/pt\/buena-vejez-se-une-al-programa-encagen-cm-para-combatir-el-edadismo\/#primaryimage"},"image":{"@id":"http:\/\/forotf.com\/pt\/buena-vejez-se-une-al-programa-encagen-cm-para-combatir-el-edadismo\/#primaryimage"},"thumbnailUrl":"https:\/\/forotf.com\/wp-content\/uploads\/2024\/02\/BUENA VEJEZ se une al programa ENCAGEn-CM para combatir el edadismo.jpg","datePublished":"2023-01-31T14:38:41+00:00","dateModified":"2024-03-19T10:53:37+00:00","breadcrumb":{"@id":"http:\/\/forotf.com\/pt\/buena-vejez-se-une-al-programa-encagen-cm-para-combatir-el-edadismo\/#breadcrumb"},"inLanguage":"pt-BR","potentialAction":[{"@type":"ReadAction","target":["http:\/\/forotf.com\/pt\/buena-vejez-se-une-al-programa-encagen-cm-para-combatir-el-edadismo\/"]}]},{"@type":"ImageObject","inLanguage":"pt-BR","@id":"http:\/\/forotf.com\/pt\/buena-vejez-se-une-al-programa-encagen-cm-para-combatir-el-edadismo\/#primaryimage","url":"https:\/\/forotf.com\/wp-content\/uploads\/2024\/02\/BUENA VEJEZ se une al programa ENCAGEn-CM para combatir el edadismo.jpg","contentUrl":"https:\/\/forotf.com\/wp-content\/uploads\/2024\/02\/BUENA VEJEZ se une al programa ENCAGEn-CM para combatir el edadismo.jpg","width":1200,"height":628},{"@type":"BreadcrumbList","@id":"http:\/\/forotf.com\/pt\/buena-vejez-se-une-al-programa-encagen-cm-para-combatir-el-edadismo\/#breadcrumb","itemListElement":[{"@type":"ListItem","position":1,"name":"Inicio","item":"https:\/\/forotf.com\/"},{"@type":"ListItem","position":2,"name":"Sobre Foro","item":"https:\/\/forotf.com\/category\/sobre-foro\/"},{"@type":"ListItem","position":3,"name":"BUENA VEJEZ se une al programa ENCAGEn-CM para combatir el edadismo"}]},{"@type":"WebSite","@id":"http:\/\/forotf.com\/pt\/#website","url":"http:\/\/forotf.com\/pt\/","name":"F\u00f3rum de Treinamento T\u00e9cnico","description":"Treinamento para Empresas","publisher":{"@id":"http:\/\/forotf.com\/pt\/#organization"},"alternateName":"FTF","potentialAction":[{"@type":"SearchAction","target":{"@type":"EntryPoint","urlTemplate":"http:\/\/forotf.com\/pt\/?s={search_term_string}"},"query-input":{"@type":"PropertyValueSpecification","valueRequired":true,"valueName":"search_term_string"}}],"inLanguage":"pt-BR"},{"@type":"Organization","@id":"http:\/\/forotf.com\/pt\/#organization","name":"F\u00f3rum de Treinamento T\u00e9cnico","alternateName":"FTF","url":"http:\/\/forotf.com\/pt\/","logo":{"@type":"ImageObject","inLanguage":"pt-BR","@id":"http:\/\/forotf.com\/pt\/#\/schema\/logo\/image\/","url":"https:\/\/forotf.com\/wp-content\/uploads\/2024\/02\/Oficial-Logo-FTF-Color.svg","contentUrl":"https:\/\/forotf.com\/wp-content\/uploads\/2024\/02\/Oficial-Logo-FTF-Color.svg","width":794,"height":212,"caption":"Foro T\u00e9cnico de Formaci\u00f3n"},"image":{"@id":"http:\/\/forotf.com\/pt\/#\/schema\/logo\/image\/"},"sameAs":["https:\/\/es-es.facebook.com\/forotf\/","https:\/\/www.instagram.com\/ftformacion\/?igshid=MWZjMTM2ODFkZg==","https:\/\/www.linkedin.com\/company\/foro-tecnico-de-formacion\/?originalSubdomain=es","https:\/\/www.youtube.com\/channel\/UCTzzsDUdLaZtfAGiP_ipLIg"]},{"@type":"Person","@id":"http:\/\/forotf.com\/pt\/#\/schema\/person\/52040dc5e350e84072de04a814bb746a","name":"joaquinberardi@programon.co","image":{"@type":"ImageObject","inLanguage":"pt-BR","@id":"https:\/\/secure.gravatar.com\/avatar\/bba33812fe14c8b509161ee7dd7f830cf199c1a0b8f4f60145c7015b0c335b82?s=96&d=mm&r=g","url":"https:\/\/secure.gravatar.com\/avatar\/bba33812fe14c8b509161ee7dd7f830cf199c1a0b8f4f60145c7015b0c335b82?s=96&d=mm&r=g","contentUrl":"https:\/\/secure.gravatar.com\/avatar\/bba33812fe14c8b509161ee7dd7f830cf199c1a0b8f4f60145c7015b0c335b82?s=96&d=mm&r=g","caption":"joaquinberardi@programon.co"},"sameAs":["https:\/\/forotf.com"]}]}},"publishpress_future_action":{"enabled":false,"date":"2026-05-07 08:45:05","action":"change-status","newStatus":"draft","terms":[],"taxonomy":"category","extraData":[]},"publishpress_future_workflow_manual_trigger":{"enabledWorkflows":[]},"_links":{"self":[{"href":"https:\/\/forotf.com\/pt\/wp-json\/wp\/v2\/posts\/1306","targetHints":{"allow":["GET"]}}],"collection":[{"href":"https:\/\/forotf.com\/pt\/wp-json\/wp\/v2\/posts"}],"about":[{"href":"https:\/\/forotf.com\/pt\/wp-json\/wp\/v2\/types\/post"}],"author":[{"embeddable":true,"href":"https:\/\/forotf.com\/pt\/wp-json\/wp\/v2\/users\/1"}],"replies":[{"embeddable":true,"href":"https:\/\/forotf.com\/pt\/wp-json\/wp\/v2\/comments?post=1306"}],"version-history":[{"count":1,"href":"https:\/\/forotf.com\/pt\/wp-json\/wp\/v2\/posts\/1306\/revisions"}],"predecessor-version":[{"id":3577,"href":"https:\/\/forotf.com\/pt\/wp-json\/wp\/v2\/posts\/1306\/revisions\/3577"}],"wp:featuredmedia":[{"embeddable":true,"href":"https:\/\/forotf.com\/pt\/wp-json\/wp\/v2\/media\/1516"}],"wp:attachment":[{"href":"https:\/\/forotf.com\/pt\/wp-json\/wp\/v2\/media?parent=1306"}],"wp:term":[{"taxonomy":"category","embeddable":true,"href":"https:\/\/forotf.com\/pt\/wp-json\/wp\/v2\/categories?post=1306"},{"taxonomy":"post_tag","embeddable":true,"href":"https:\/\/forotf.com\/pt\/wp-json\/wp\/v2\/tags?post=1306"}],"curies":[{"name":"wp","href":"https:\/\/api.w.org\/{rel}","templated":true}]}}