{"id":5769,"date":"2024-09-11T09:39:45","date_gmt":"2024-09-11T09:39:45","guid":{"rendered":"https:\/\/forotf.com\/?p=5769&#038;preview=true&#038;preview_id=5769"},"modified":"2024-09-11T09:39:47","modified_gmt":"2024-09-11T09:39:47","slug":"el-sector-de-la-dependencia-necesita-mayor-formacion-para-combatir-la-escasez-de-profesionales","status":"publish","type":"post","link":"http:\/\/forotf.com\/pt_pt\/el-sector-de-la-dependencia-necesita-mayor-formacion-para-combatir-la-escasez-de-profesionales\/","title":{"rendered":"El sector de la dependencia necesita mayor formaci\u00f3n para combatir la escasez de profesionales"},"content":{"rendered":"<p>Las empresas del sector de la dependencia han destacado la necesidad urgente de incrementar la formaci\u00f3n especializada para enfrentar la creciente carencia de profesionales sociosanitarios, en respuesta a un desaf\u00edo demogr\u00e1fico significativo.<\/p>\n<p>Las proyecciones del Instituto Nacional de Estad\u00edstica anticipan que para el a\u00f1o 2050, el porcentaje de personas mayores en Espa\u00f1a alcanzar\u00e1 el 30,4% de la poblaci\u00f3n total. Este aumento provocar\u00e1 un incremento en la tasa de dependencia del 30,5% actual hasta un 53,8%, ejerciendo una presi\u00f3n considerable sobre los recursos y servicios disponibles.<\/p>\n<p>La Sociedad Espa\u00f1ola de Salud P\u00fablica y Administraciones Sanitarias (Sespas) tambi\u00e9n ha se\u00f1alado una falta de profesionales sanitarios en Espa\u00f1a, poniendo en evidencia los desequilibrios en la distribuci\u00f3n y cantidad de estos trabajadores. Los especialistas advierten que el envejecimiento de la poblaci\u00f3n, combinado con los avances en la medicina, incrementar\u00e1 la demanda de m\u00e9dicos, enfermeros y otros profesionales de la salud. Por lo tanto, es crucial implementar estrategias que incluyan el fortalecimiento de la formaci\u00f3n en estos campos.<\/p>\n<p>Algunas patronales han propuesto aumentar el n\u00famero de plazas universitarias y agilizar los tr\u00e1mites de homologaci\u00f3n para los miles de profesionales de la enfermer\u00eda y la medicina que actualmente residen en Espa\u00f1a y esperan poder ejercer. Adem\u00e1s, tambi\u00e9n proponen la creaci\u00f3n de una nueva categor\u00eda profesional en enfermer\u00eda derivada de la Formaci\u00f3n Profesional, con el objetivo de expandir la oferta de especialistas en el sector.<\/p>\n<p>En un esfuerzo por responder a la creciente demanda de formaci\u00f3n en el sector, algunas instituciones est\u00e1n comenzando a ofrecer programas de formaci\u00f3n continua y actualizaci\u00f3n profesional para aquellos que ya est\u00e1n trabajando en el campo de la dependencia. Estos programas est\u00e1n dise\u00f1ados para mantener a los profesionales al d\u00eda con las \u00faltimas pr\u00e1cticas y avances en el sector, asegurando que puedan ofrecer una atenci\u00f3n de alta calidad a sus pacientes.<\/p>\n<p>Por su parte, empresas como, DomusVi ha planteado la introducci\u00f3n de una titulaci\u00f3n intermedia en el \u00e1mbito sanitario para mejorar la calidad y cantidad de profesionales en los centros y servicios. La empresa ha desarrollado pol\u00edticas espec\u00edficas para el personal m\u00e9dico, de enfermer\u00eda y de fisioterapia, que abarcan desde la compensaci\u00f3n econ\u00f3mica hasta la formaci\u00f3n, la promoci\u00f3n y el desarrollo profesional. DomusVi tambi\u00e9n mantiene acuerdos con universidades y centros de formaci\u00f3n que ofrecen titulaciones oficiales para atraer y retener talento.<\/p>\n<p>Foro T\u00e9cnico de Formaci\u00f3n partner de formaci\u00f3n para el sector, promociona formaciones dirigidas a la incorporaci\u00f3n de nuevos profesionales en el sector, ofreciendo una amplia gama de oportunidades educativas, incluyendo programas de formaci\u00f3n profesional que responden de manera concreta a las necesidades del sector. Nuestra oferta educativa est\u00e1 dise\u00f1ada para capacitar a los profesionales con las habilidades y conocimientos necesarios para afrontar los retos del envejecimiento poblacional y mejorar la calidad de la atenci\u00f3n en el sector de la dependencia.<\/p>\n<p>Estas iniciativas reflejan un compromiso generalizado por mejorar la formaci\u00f3n y la preparaci\u00f3n de los profesionales sociosanitarios, lo cual es esencial para enfrentar el reto de garantizar una atenci\u00f3n de calidad para las personas mayores en el presente y en el futuro.<\/p>\n<p><a href=\"https:\/\/forotf.com\/pt_pt\/cursos\/?jsf=epro-loop-builder:grid-cursos&amp;sort=orderby%3Ameta_value%3Border%3AASC%3Bmeta_key%3Ainicio\" target=\"_blank\" rel=\"noopener noreferrer nofollow\"><img fetchpriority=\"high\" decoding=\"async\" class=\"aligncenter wp-image-8416 size-full\" src=\"https:\/\/forotf.com\/wp-content\/uploads\/2024\/02\/Banner-FTF.jpg\" alt=\"\" width=\"950\" height=\"150\" \/><\/a><\/p>\n\n\n<p><\/p>","protected":false},"excerpt":{"rendered":"<p>Las empresas del sector de la dependencia han destacado la necesidad urgente de incrementar la formaci\u00f3n especializada para enfrentar la creciente carencia de profesionales sociosanitarios, en respuesta a un desaf\u00edo demogr\u00e1fico significativo. Las proyecciones del Instituto Nacional de Estad\u00edstica anticipan que para el a\u00f1o 2050, el porcentaje de personas mayores en Espa\u00f1a alcanzar\u00e1 el 30,4% [&hellip;]<\/p>","protected":false},"author":4,"featured_media":5772,"comment_status":"open","ping_status":"open","sticky":false,"template":"","format":"standard","meta":{"footnotes":""},"categories":[24],"tags":[],"class_list":["post-5769","post","type-post","status-publish","format-standard","has-post-thumbnail","hentry","category-actualidad"],"pp_statuses_selecting_workflow":false,"pp_workflow_action":"current","pp_status_selection":"publish","yoast_head":"<!-- This site is optimized with the Yoast SEO plugin v27.5 - https:\/\/yoast.com\/product\/yoast-seo-wordpress\/ -->\n<title>El sector de la dependencia necesita mayor formaci\u00f3n para combatir la escasez de profesionales | Foro T\u00e9cnico de Formaci\u00f3n<\/title>\n<meta name=\"description\" content=\"El sector de la dependencia requiere m\u00e1s formaci\u00f3n para enfrentar la escasez de profesionales.\" \/>\n<meta name=\"robots\" content=\"index, follow, max-snippet:-1, max-image-preview:large, max-video-preview:-1\" \/>\n<link rel=\"canonical\" href=\"https:\/\/forotf.com\/pt_pt\/el-sector-de-la-dependencia-necesita-mayor-formacion-para-combatir-la-escasez-de-profesionales\/\" \/>\n<meta property=\"og:locale\" content=\"pt_PT\" \/>\n<meta property=\"og:type\" content=\"article\" \/>\n<meta property=\"og:title\" content=\"El sector de la dependencia necesita mayor formaci\u00f3n para combatir la escasez de profesionales | Foro T\u00e9cnico de Formaci\u00f3n\" \/>\n<meta property=\"og:description\" content=\"El sector de la dependencia requiere m\u00e1s formaci\u00f3n para enfrentar la escasez de profesionales.\" \/>\n<meta property=\"og:url\" content=\"https:\/\/forotf.com\/pt_pt\/el-sector-de-la-dependencia-necesita-mayor-formacion-para-combatir-la-escasez-de-profesionales\/\" \/>\n<meta property=\"og:site_name\" content=\"Foro T\u00e9cnico de Formaci\u00f3n\" \/>\n<meta property=\"article:publisher\" content=\"https:\/\/es-es.facebook.com\/forotf\/\" \/>\n<meta property=\"article:published_time\" content=\"2024-09-11T09:39:45+00:00\" \/>\n<meta property=\"article:modified_time\" content=\"2024-09-11T09:39:47+00:00\" \/>\n<meta property=\"og:image\" content=\"https:\/\/forotf.com\/wp-content\/uploads\/2024\/09\/shutterstock_26135305713-scaled.jpg\" \/>\n\t<meta property=\"og:image:width\" content=\"2560\" \/>\n\t<meta property=\"og:image:height\" content=\"1708\" \/>\n\t<meta property=\"og:image:type\" content=\"image\/jpeg\" \/>\n<meta name=\"author\" content=\"Equipo de Foro\" \/>\n<meta name=\"twitter:card\" content=\"summary_large_image\" \/>\n<script type=\"application\/ld+json\" class=\"yoast-schema-graph\">{\"@context\":\"https:\\\/\\\/schema.org\",\"@graph\":[{\"@type\":\"Article\",\"@id\":\"https:\\\/\\\/forotf.com\\\/el-sector-de-la-dependencia-necesita-mayor-formacion-para-combatir-la-escasez-de-profesionales\\\/#article\",\"isPartOf\":{\"@id\":\"https:\\\/\\\/forotf.com\\\/el-sector-de-la-dependencia-necesita-mayor-formacion-para-combatir-la-escasez-de-profesionales\\\/\"},\"author\":{\"name\":\"Equipo de Foro\",\"@id\":\"http:\\\/\\\/forotf.com\\\/pt\\\/#\\\/schema\\\/person\\\/cc7f72bd018239ffad3b648f6f010daa\"},\"headline\":\"El sector de la dependencia necesita mayor formaci\u00f3n para combatir la escasez de profesionales\",\"datePublished\":\"2024-09-11T09:39:45+00:00\",\"dateModified\":\"2024-09-11T09:39:47+00:00\",\"mainEntityOfPage\":{\"@id\":\"https:\\\/\\\/forotf.com\\\/el-sector-de-la-dependencia-necesita-mayor-formacion-para-combatir-la-escasez-de-profesionales\\\/\"},\"wordCount\":572,\"commentCount\":0,\"publisher\":{\"@id\":\"http:\\\/\\\/forotf.com\\\/pt\\\/#organization\"},\"image\":{\"@id\":\"https:\\\/\\\/forotf.com\\\/el-sector-de-la-dependencia-necesita-mayor-formacion-para-combatir-la-escasez-de-profesionales\\\/#primaryimage\"},\"thumbnailUrl\":\"https:\\\/\\\/forotf.com\\\/wp-content\\\/uploads\\\/2024\\\/09\\\/shutterstock_26135305713-scaled.jpg\",\"articleSection\":[\"Actualidad\"],\"inLanguage\":\"pt-PT\",\"potentialAction\":[{\"@type\":\"CommentAction\",\"name\":\"Comment\",\"target\":[\"https:\\\/\\\/forotf.com\\\/el-sector-de-la-dependencia-necesita-mayor-formacion-para-combatir-la-escasez-de-profesionales\\\/#respond\"]}]},{\"@type\":\"WebPage\",\"@id\":\"https:\\\/\\\/forotf.com\\\/el-sector-de-la-dependencia-necesita-mayor-formacion-para-combatir-la-escasez-de-profesionales\\\/\",\"url\":\"https:\\\/\\\/forotf.com\\\/el-sector-de-la-dependencia-necesita-mayor-formacion-para-combatir-la-escasez-de-profesionales\\\/\",\"name\":\"El sector de la dependencia necesita mayor formaci\u00f3n para combatir la escasez de profesionales | Foro T\u00e9cnico de Formaci\u00f3n\",\"isPartOf\":{\"@id\":\"http:\\\/\\\/forotf.com\\\/pt\\\/#website\"},\"primaryImageOfPage\":{\"@id\":\"https:\\\/\\\/forotf.com\\\/el-sector-de-la-dependencia-necesita-mayor-formacion-para-combatir-la-escasez-de-profesionales\\\/#primaryimage\"},\"image\":{\"@id\":\"https:\\\/\\\/forotf.com\\\/el-sector-de-la-dependencia-necesita-mayor-formacion-para-combatir-la-escasez-de-profesionales\\\/#primaryimage\"},\"thumbnailUrl\":\"https:\\\/\\\/forotf.com\\\/wp-content\\\/uploads\\\/2024\\\/09\\\/shutterstock_26135305713-scaled.jpg\",\"datePublished\":\"2024-09-11T09:39:45+00:00\",\"dateModified\":\"2024-09-11T09:39:47+00:00\",\"description\":\"El sector de la dependencia requiere m\u00e1s formaci\u00f3n para enfrentar la escasez de profesionales.\",\"breadcrumb\":{\"@id\":\"https:\\\/\\\/forotf.com\\\/el-sector-de-la-dependencia-necesita-mayor-formacion-para-combatir-la-escasez-de-profesionales\\\/#breadcrumb\"},\"inLanguage\":\"pt-PT\",\"potentialAction\":[{\"@type\":\"ReadAction\",\"target\":[\"https:\\\/\\\/forotf.com\\\/el-sector-de-la-dependencia-necesita-mayor-formacion-para-combatir-la-escasez-de-profesionales\\\/\"]}]},{\"@type\":\"ImageObject\",\"inLanguage\":\"pt-PT\",\"@id\":\"https:\\\/\\\/forotf.com\\\/el-sector-de-la-dependencia-necesita-mayor-formacion-para-combatir-la-escasez-de-profesionales\\\/#primaryimage\",\"url\":\"https:\\\/\\\/forotf.com\\\/wp-content\\\/uploads\\\/2024\\\/09\\\/shutterstock_26135305713-scaled.jpg\",\"contentUrl\":\"https:\\\/\\\/forotf.com\\\/wp-content\\\/uploads\\\/2024\\\/09\\\/shutterstock_26135305713-scaled.jpg\",\"width\":2560,\"height\":1708},{\"@type\":\"BreadcrumbList\",\"@id\":\"https:\\\/\\\/forotf.com\\\/el-sector-de-la-dependencia-necesita-mayor-formacion-para-combatir-la-escasez-de-profesionales\\\/#breadcrumb\",\"itemListElement\":[{\"@type\":\"ListItem\",\"position\":1,\"name\":\"Inicio\",\"item\":\"https:\\\/\\\/forotf.com\\\/\"},{\"@type\":\"ListItem\",\"position\":2,\"name\":\"Actualidad\",\"item\":\"http:\\\/\\\/forotf.com\\\/pt_pt\\\/category\\\/actualidad\\\/\"},{\"@type\":\"ListItem\",\"position\":3,\"name\":\"El sector de la dependencia necesita mayor formaci\u00f3n para combatir la escasez de profesionales\"}]},{\"@type\":\"WebSite\",\"@id\":\"http:\\\/\\\/forotf.com\\\/pt\\\/#website\",\"url\":\"http:\\\/\\\/forotf.com\\\/pt\\\/\",\"name\":\"Foro T\u00e9cnico de Formaci\u00f3n\",\"description\":\"Formaci\u00f3n para Empresas\",\"publisher\":{\"@id\":\"http:\\\/\\\/forotf.com\\\/pt\\\/#organization\"},\"alternateName\":\"FTF\",\"potentialAction\":[{\"@type\":\"SearchAction\",\"target\":{\"@type\":\"EntryPoint\",\"urlTemplate\":\"http:\\\/\\\/forotf.com\\\/pt\\\/?s={search_term_string}\"},\"query-input\":{\"@type\":\"PropertyValueSpecification\",\"valueRequired\":true,\"valueName\":\"search_term_string\"}}],\"inLanguage\":\"pt-PT\"},{\"@type\":\"Organization\",\"@id\":\"http:\\\/\\\/forotf.com\\\/pt\\\/#organization\",\"name\":\"Foro T\u00e9cnico de Formaci\u00f3n\",\"alternateName\":\"FTF\",\"url\":\"http:\\\/\\\/forotf.com\\\/pt\\\/\",\"logo\":{\"@type\":\"ImageObject\",\"inLanguage\":\"pt-PT\",\"@id\":\"http:\\\/\\\/forotf.com\\\/pt\\\/#\\\/schema\\\/logo\\\/image\\\/\",\"url\":\"https:\\\/\\\/forotf.com\\\/wp-content\\\/uploads\\\/2024\\\/02\\\/Oficial-Logo-FTF-Color.svg\",\"contentUrl\":\"https:\\\/\\\/forotf.com\\\/wp-content\\\/uploads\\\/2024\\\/02\\\/Oficial-Logo-FTF-Color.svg\",\"width\":794,\"height\":212,\"caption\":\"Foro T\u00e9cnico de Formaci\u00f3n\"},\"image\":{\"@id\":\"http:\\\/\\\/forotf.com\\\/pt\\\/#\\\/schema\\\/logo\\\/image\\\/\"},\"sameAs\":[\"https:\\\/\\\/es-es.facebook.com\\\/forotf\\\/\",\"https:\\\/\\\/www.instagram.com\\\/ftformacion\\\/?igshid=MWZjMTM2ODFkZg==\",\"https:\\\/\\\/www.linkedin.com\\\/company\\\/foro-tecnico-de-formacion\\\/?originalSubdomain=es\",\"https:\\\/\\\/www.youtube.com\\\/channel\\\/UCTzzsDUdLaZtfAGiP_ipLIg\"]},{\"@type\":\"Person\",\"@id\":\"http:\\\/\\\/forotf.com\\\/pt\\\/#\\\/schema\\\/person\\\/cc7f72bd018239ffad3b648f6f010daa\",\"name\":\"Equipo de Foro\",\"image\":{\"@type\":\"ImageObject\",\"inLanguage\":\"pt-PT\",\"@id\":\"https:\\\/\\\/secure.gravatar.com\\\/avatar\\\/ec992e6623374d8c4ad1ac0076a4f4a1857a533261a9e33bc692dd8e150c9bba?s=96&d=mm&r=g\",\"url\":\"https:\\\/\\\/secure.gravatar.com\\\/avatar\\\/ec992e6623374d8c4ad1ac0076a4f4a1857a533261a9e33bc692dd8e150c9bba?s=96&d=mm&r=g\",\"contentUrl\":\"https:\\\/\\\/secure.gravatar.com\\\/avatar\\\/ec992e6623374d8c4ad1ac0076a4f4a1857a533261a9e33bc692dd8e150c9bba?s=96&d=mm&r=g\",\"caption\":\"Equipo de Foro\"}}]}<\/script>\n<!-- \/ Yoast SEO plugin. -->","yoast_head_json":{"title":"El sector de la dependencia necesita mayor formaci\u00f3n para combatir la escasez de profesionales | Foro T\u00e9cnico de Formaci\u00f3n","description":"El sector de la dependencia requiere m\u00e1s formaci\u00f3n para enfrentar la escasez de profesionales.","robots":{"index":"index","follow":"follow","max-snippet":"max-snippet:-1","max-image-preview":"max-image-preview:large","max-video-preview":"max-video-preview:-1"},"canonical":"https:\/\/forotf.com\/pt_pt\/el-sector-de-la-dependencia-necesita-mayor-formacion-para-combatir-la-escasez-de-profesionales\/","og_locale":"pt_PT","og_type":"article","og_title":"El sector de la dependencia necesita mayor formaci\u00f3n para combatir la escasez de profesionales | Foro T\u00e9cnico de Formaci\u00f3n","og_description":"El sector de la dependencia requiere m\u00e1s formaci\u00f3n para enfrentar la escasez de profesionales.","og_url":"https:\/\/forotf.com\/pt_pt\/el-sector-de-la-dependencia-necesita-mayor-formacion-para-combatir-la-escasez-de-profesionales\/","og_site_name":"Foro T\u00e9cnico de Formaci\u00f3n","article_publisher":"https:\/\/es-es.facebook.com\/forotf\/","article_published_time":"2024-09-11T09:39:45+00:00","article_modified_time":"2024-09-11T09:39:47+00:00","og_image":[{"width":2560,"height":1708,"url":"https:\/\/forotf.com\/wp-content\/uploads\/2024\/09\/shutterstock_26135305713-scaled.jpg","type":"image\/jpeg"}],"author":"Equipo de Foro","twitter_card":"summary_large_image","schema":{"@context":"https:\/\/schema.org","@graph":[{"@type":"Article","@id":"https:\/\/forotf.com\/el-sector-de-la-dependencia-necesita-mayor-formacion-para-combatir-la-escasez-de-profesionales\/#article","isPartOf":{"@id":"https:\/\/forotf.com\/el-sector-de-la-dependencia-necesita-mayor-formacion-para-combatir-la-escasez-de-profesionales\/"},"author":{"name":"Equipo de Foro","@id":"http:\/\/forotf.com\/pt\/#\/schema\/person\/cc7f72bd018239ffad3b648f6f010daa"},"headline":"El sector de la dependencia necesita mayor formaci\u00f3n para combatir la escasez de profesionales","datePublished":"2024-09-11T09:39:45+00:00","dateModified":"2024-09-11T09:39:47+00:00","mainEntityOfPage":{"@id":"https:\/\/forotf.com\/el-sector-de-la-dependencia-necesita-mayor-formacion-para-combatir-la-escasez-de-profesionales\/"},"wordCount":572,"commentCount":0,"publisher":{"@id":"http:\/\/forotf.com\/pt\/#organization"},"image":{"@id":"https:\/\/forotf.com\/el-sector-de-la-dependencia-necesita-mayor-formacion-para-combatir-la-escasez-de-profesionales\/#primaryimage"},"thumbnailUrl":"https:\/\/forotf.com\/wp-content\/uploads\/2024\/09\/shutterstock_26135305713-scaled.jpg","articleSection":["Actualidad"],"inLanguage":"pt-PT","potentialAction":[{"@type":"CommentAction","name":"Comment","target":["https:\/\/forotf.com\/el-sector-de-la-dependencia-necesita-mayor-formacion-para-combatir-la-escasez-de-profesionales\/#respond"]}]},{"@type":"WebPage","@id":"https:\/\/forotf.com\/el-sector-de-la-dependencia-necesita-mayor-formacion-para-combatir-la-escasez-de-profesionales\/","url":"https:\/\/forotf.com\/el-sector-de-la-dependencia-necesita-mayor-formacion-para-combatir-la-escasez-de-profesionales\/","name":"El sector de la dependencia necesita mayor formaci\u00f3n para combatir la escasez de profesionales | Foro T\u00e9cnico de Formaci\u00f3n","isPartOf":{"@id":"http:\/\/forotf.com\/pt\/#website"},"primaryImageOfPage":{"@id":"https:\/\/forotf.com\/el-sector-de-la-dependencia-necesita-mayor-formacion-para-combatir-la-escasez-de-profesionales\/#primaryimage"},"image":{"@id":"https:\/\/forotf.com\/el-sector-de-la-dependencia-necesita-mayor-formacion-para-combatir-la-escasez-de-profesionales\/#primaryimage"},"thumbnailUrl":"https:\/\/forotf.com\/wp-content\/uploads\/2024\/09\/shutterstock_26135305713-scaled.jpg","datePublished":"2024-09-11T09:39:45+00:00","dateModified":"2024-09-11T09:39:47+00:00","description":"El sector de la dependencia requiere m\u00e1s formaci\u00f3n para enfrentar la escasez de profesionales.","breadcrumb":{"@id":"https:\/\/forotf.com\/el-sector-de-la-dependencia-necesita-mayor-formacion-para-combatir-la-escasez-de-profesionales\/#breadcrumb"},"inLanguage":"pt-PT","potentialAction":[{"@type":"ReadAction","target":["https:\/\/forotf.com\/el-sector-de-la-dependencia-necesita-mayor-formacion-para-combatir-la-escasez-de-profesionales\/"]}]},{"@type":"ImageObject","inLanguage":"pt-PT","@id":"https:\/\/forotf.com\/el-sector-de-la-dependencia-necesita-mayor-formacion-para-combatir-la-escasez-de-profesionales\/#primaryimage","url":"https:\/\/forotf.com\/wp-content\/uploads\/2024\/09\/shutterstock_26135305713-scaled.jpg","contentUrl":"https:\/\/forotf.com\/wp-content\/uploads\/2024\/09\/shutterstock_26135305713-scaled.jpg","width":2560,"height":1708},{"@type":"BreadcrumbList","@id":"https:\/\/forotf.com\/el-sector-de-la-dependencia-necesita-mayor-formacion-para-combatir-la-escasez-de-profesionales\/#breadcrumb","itemListElement":[{"@type":"ListItem","position":1,"name":"Inicio","item":"https:\/\/forotf.com\/"},{"@type":"ListItem","position":2,"name":"Actualidad","item":"http:\/\/forotf.com\/pt_pt\/category\/actualidad\/"},{"@type":"ListItem","position":3,"name":"El sector de la dependencia necesita mayor formaci\u00f3n para combatir la escasez de profesionales"}]},{"@type":"WebSite","@id":"http:\/\/forotf.com\/pt\/#website","url":"http:\/\/forotf.com\/pt\/","name":"F\u00f3rum de Treinamento T\u00e9cnico","description":"Treinamento para Empresas","publisher":{"@id":"http:\/\/forotf.com\/pt\/#organization"},"alternateName":"FTF","potentialAction":[{"@type":"SearchAction","target":{"@type":"EntryPoint","urlTemplate":"http:\/\/forotf.com\/pt\/?s={search_term_string}"},"query-input":{"@type":"PropertyValueSpecification","valueRequired":true,"valueName":"search_term_string"}}],"inLanguage":"pt-PT"},{"@type":"Organization","@id":"http:\/\/forotf.com\/pt\/#organization","name":"F\u00f3rum de Treinamento T\u00e9cnico","alternateName":"FTF","url":"http:\/\/forotf.com\/pt\/","logo":{"@type":"ImageObject","inLanguage":"pt-PT","@id":"http:\/\/forotf.com\/pt\/#\/schema\/logo\/image\/","url":"https:\/\/forotf.com\/wp-content\/uploads\/2024\/02\/Oficial-Logo-FTF-Color.svg","contentUrl":"https:\/\/forotf.com\/wp-content\/uploads\/2024\/02\/Oficial-Logo-FTF-Color.svg","width":794,"height":212,"caption":"Foro T\u00e9cnico de Formaci\u00f3n"},"image":{"@id":"http:\/\/forotf.com\/pt\/#\/schema\/logo\/image\/"},"sameAs":["https:\/\/es-es.facebook.com\/forotf\/","https:\/\/www.instagram.com\/ftformacion\/?igshid=MWZjMTM2ODFkZg==","https:\/\/www.linkedin.com\/company\/foro-tecnico-de-formacion\/?originalSubdomain=es","https:\/\/www.youtube.com\/channel\/UCTzzsDUdLaZtfAGiP_ipLIg"]},{"@type":"Person","@id":"http:\/\/forotf.com\/pt\/#\/schema\/person\/cc7f72bd018239ffad3b648f6f010daa","name":"Equipo de Foro","image":{"@type":"ImageObject","inLanguage":"pt-PT","@id":"https:\/\/secure.gravatar.com\/avatar\/ec992e6623374d8c4ad1ac0076a4f4a1857a533261a9e33bc692dd8e150c9bba?s=96&d=mm&r=g","url":"https:\/\/secure.gravatar.com\/avatar\/ec992e6623374d8c4ad1ac0076a4f4a1857a533261a9e33bc692dd8e150c9bba?s=96&d=mm&r=g","contentUrl":"https:\/\/secure.gravatar.com\/avatar\/ec992e6623374d8c4ad1ac0076a4f4a1857a533261a9e33bc692dd8e150c9bba?s=96&d=mm&r=g","caption":"Equipo de Foro"}}]}},"publishpress_future_action":{"enabled":false,"date":"2026-05-06 19:49:40","action":"change-status","newStatus":"draft","terms":[],"taxonomy":"category","extraData":[]},"publishpress_future_workflow_manual_trigger":{"enabledWorkflows":[]},"_links":{"self":[{"href":"http:\/\/forotf.com\/pt_pt\/wp-json\/wp\/v2\/posts\/5769","targetHints":{"allow":["GET"]}}],"collection":[{"href":"http:\/\/forotf.com\/pt_pt\/wp-json\/wp\/v2\/posts"}],"about":[{"href":"http:\/\/forotf.com\/pt_pt\/wp-json\/wp\/v2\/types\/post"}],"author":[{"embeddable":true,"href":"http:\/\/forotf.com\/pt_pt\/wp-json\/wp\/v2\/users\/4"}],"replies":[{"embeddable":true,"href":"http:\/\/forotf.com\/pt_pt\/wp-json\/wp\/v2\/comments?post=5769"}],"version-history":[{"count":2,"href":"http:\/\/forotf.com\/pt_pt\/wp-json\/wp\/v2\/posts\/5769\/revisions"}],"predecessor-version":[{"id":5771,"href":"http:\/\/forotf.com\/pt_pt\/wp-json\/wp\/v2\/posts\/5769\/revisions\/5771"}],"wp:featuredmedia":[{"embeddable":true,"href":"http:\/\/forotf.com\/pt_pt\/wp-json\/wp\/v2\/media\/5772"}],"wp:attachment":[{"href":"http:\/\/forotf.com\/pt_pt\/wp-json\/wp\/v2\/media?parent=5769"}],"wp:term":[{"taxonomy":"category","embeddable":true,"href":"http:\/\/forotf.com\/pt_pt\/wp-json\/wp\/v2\/categories?post=5769"},{"taxonomy":"post_tag","embeddable":true,"href":"http:\/\/forotf.com\/pt_pt\/wp-json\/wp\/v2\/tags?post=5769"}],"curies":[{"name":"wp","href":"https:\/\/api.w.org\/{rel}","templated":true}]}}