{"id":1299,"date":"2023-01-05T11:09:43","date_gmt":"2023-01-05T11:09:43","guid":{"rendered":"https:\/\/forotf.com\/mejoras-en-las-prestaciones-para-personas-dependientes-en-2023\/"},"modified":"2024-03-19T11:14:54","modified_gmt":"2024-03-19T11:14:54","slug":"mejoras-en-las-prestaciones-para-personas-dependientes-en-2023","status":"publish","type":"post","link":"http:\/\/forotf.com\/pt_pt\/mejoras-en-las-prestaciones-para-personas-dependientes-en-2023\/","title":{"rendered":"Melhorias nos benef\u00edcios para pessoas dependentes em 2023"},"content":{"rendered":"<p class=\"p1\">O Minist\u00e9rio dos Direitos Sociais e Agenda 2023 acordou com as Comunidades Aut\u00f3nomas a cria\u00e7\u00e3o de uma presta\u00e7\u00e3o de pelo menos 100-200 euros destinada a pessoas em situa\u00e7\u00e3o de depend\u00eancia. Da mesma forma, aumentar\u00e1 os valores m\u00e1ximos para 450,40 euros mensais no caso de aux\u00edlios para cuidados em ambiente familiar.<\/p>\n<p>\u00a0<\/p>\n<p class=\"p1\">As melhorias podem ser realizadas atrav\u00e9s do\u00a0<b>modifica\u00e7\u00e3o do Decreto Real<\/b>\u00a0que regulamenta os benef\u00edcios do Sistema para o\u00a0<b>Autonomia e Cuidados com Depend\u00eancias<\/b>, conforme acordado esta quarta-feira pelo Minist\u00e9rio e pelo CCAA, no Conselho Territorial do\u00a0<b>Sistema de Autonomia e Cuidados com Depend\u00eancias<\/b>. No entanto, esta reforma ter\u00e1 de ser aprovada em Conselho de Ministros ap\u00f3s os tr\u00e2mites obrigat\u00f3rios.<\/p>\n<p>\u00a0<\/p>\n<p class=\"p1\">Hoje, com a regulamenta\u00e7\u00e3o atual, n\u00e3o existe um valor m\u00ednimo para os benef\u00edcios financeiros do Sistema de Assist\u00eancia \u00e0s Depend\u00eancias e Autonomia, o que significa que o aux\u00edlio \u00e9 <strong>muito reduzido<\/strong>. Tanto \u00e9 que em muitos casos os valores rondam os zero euros.<\/p>\n<p>\u00a0<\/p>\n<p class=\"p1\">Atualmente, em Espanha h\u00e1 um total de 703.000 pessoas que recebem benef\u00edcios financeiros deste tipo, e delas 61.400 recebem um valor inferior a 100 euros por m\u00eas, enquanto em 27.750 casos o valor recebido varia entre 0 e 50 euros por m\u00eas.<\/p>\n<p>\u00a0<\/p>\n<p class=\"p1\">Com a aplica\u00e7\u00e3o destas medidas, espera-se um impacto em mais de 700.000 casos.<\/p>\n<p class=\"p1\">Essas mudan\u00e7as est\u00e3o enquadradas no <b>Plano de Choque de Depend\u00eancia<\/b> que o Minist\u00e9rio dos Direitos Sociais est\u00e1 a implementar, que aumentou um total de 1.800 milh\u00f5es de euros nos Or\u00e7amentos Gerais do Estado para 2021, 2022 e 2023.<\/p>","protected":false},"excerpt":{"rendered":"<p>O Minist\u00e9rio dos Direitos Sociais e Agenda 2023 acordou com as Comunidades Aut\u00f3nomas a cria\u00e7\u00e3o de uma presta\u00e7\u00e3o de pelo menos 100-200 euros destinada a pessoas em situa\u00e7\u00e3o de depend\u00eancia. Da mesma forma, aumentar\u00e1 os valores m\u00e1ximos para 450,40 euros mensais no caso de aux\u00edlios para cuidados em ambiente familiar.  As melhorias podem [\u2026]<\/p>","protected":false},"author":1,"featured_media":1511,"comment_status":"open","ping_status":"open","sticky":false,"template":"","format":"standard","meta":{"footnotes":""},"categories":[132],"tags":[45,46,47],"class_list":["post-1299","post","type-post","status-publish","format-standard","has-post-thumbnail","hentry","category-personas-mayores","tag-45","tag-ayudas","tag-mejoras"],"pp_statuses_selecting_workflow":false,"pp_workflow_action":"current","pp_status_selection":"publish","yoast_head":"<!-- This site is optimized with the Yoast SEO plugin v27.4 - https:\/\/yoast.com\/product\/yoast-seo-wordpress\/ -->\n<title>Mejoras en las prestaciones para personas dependientes en 2023 | Foro T\u00e9cnico de Formaci\u00f3n<\/title>\n<meta name=\"description\" content=\"Conoce las mejoras en las prestaciones para personas dependientes que llegan para este 2023 a trav\u00e9s de la\u00a0modificaci\u00f3n del Real Decreto.\" \/>\n<meta name=\"robots\" content=\"index, follow, max-snippet:-1, max-image-preview:large, max-video-preview:-1\" \/>\n<link rel=\"canonical\" href=\"http:\/\/forotf.com\/pt_pt\/mejoras-en-las-prestaciones-para-personas-dependientes-en-2023\/\" \/>\n<meta property=\"og:locale\" content=\"pt_PT\" \/>\n<meta property=\"og:type\" content=\"article\" \/>\n<meta property=\"og:title\" content=\"Mejoras en las prestaciones para personas dependientes en 2023 | Foro T\u00e9cnico de Formaci\u00f3n\" \/>\n<meta property=\"og:description\" content=\"Conoce las mejoras en las prestaciones para personas dependientes que llegan para este 2023 a trav\u00e9s de la\u00a0modificaci\u00f3n del Real Decreto.\" \/>\n<meta property=\"og:url\" content=\"http:\/\/forotf.com\/pt_pt\/mejoras-en-las-prestaciones-para-personas-dependientes-en-2023\/\" \/>\n<meta property=\"og:site_name\" content=\"Foro T\u00e9cnico de Formaci\u00f3n\" \/>\n<meta property=\"article:publisher\" content=\"https:\/\/es-es.facebook.com\/forotf\/\" \/>\n<meta property=\"article:published_time\" content=\"2023-01-05T11:09:43+00:00\" \/>\n<meta property=\"article:modified_time\" content=\"2024-03-19T11:14:54+00:00\" \/>\n<meta property=\"og:image\" content=\"http:\/\/forotf.com\/wp-content\/uploads\/2024\/02\/Mejoras%20en%20las%20prestaciones%20para%20personas%20dependientes%20en%202023-scaled.jpg\" \/>\n\t<meta property=\"og:image:width\" content=\"6720\" \/>\n\t<meta property=\"og:image:height\" content=\"4480\" \/>\n\t<meta property=\"og:image:type\" content=\"image\/jpeg\" \/>\n<meta name=\"author\" content=\"joaquinberardi@programon.co\" \/>\n<meta name=\"twitter:card\" content=\"summary_large_image\" \/>\n<script type=\"application\/ld+json\" class=\"yoast-schema-graph\">{\"@context\":\"https:\\\/\\\/schema.org\",\"@graph\":[{\"@type\":\"Article\",\"@id\":\"http:\\\/\\\/forotf.com\\\/pt_pt\\\/mejoras-en-las-prestaciones-para-personas-dependientes-en-2023\\\/#article\",\"isPartOf\":{\"@id\":\"http:\\\/\\\/forotf.com\\\/pt_pt\\\/mejoras-en-las-prestaciones-para-personas-dependientes-en-2023\\\/\"},\"author\":{\"name\":\"joaquinberardi@programon.co\",\"@id\":\"http:\\\/\\\/forotf.com\\\/pt\\\/#\\\/schema\\\/person\\\/52040dc5e350e84072de04a814bb746a\"},\"headline\":\"Mejoras en las prestaciones para personas dependientes en 2023\",\"datePublished\":\"2023-01-05T11:09:43+00:00\",\"dateModified\":\"2024-03-19T11:14:54+00:00\",\"mainEntityOfPage\":{\"@id\":\"http:\\\/\\\/forotf.com\\\/pt_pt\\\/mejoras-en-las-prestaciones-para-personas-dependientes-en-2023\\\/\"},\"wordCount\":296,\"commentCount\":0,\"publisher\":{\"@id\":\"http:\\\/\\\/forotf.com\\\/pt\\\/#organization\"},\"image\":{\"@id\":\"http:\\\/\\\/forotf.com\\\/pt_pt\\\/mejoras-en-las-prestaciones-para-personas-dependientes-en-2023\\\/#primaryimage\"},\"thumbnailUrl\":\"https:\\\/\\\/forotf.com\\\/wp-content\\\/uploads\\\/2024\\\/02\\\/Mejoras en las prestaciones para personas dependientes en 2023-scaled.jpg\",\"keywords\":[\"2023\",\"Ayudas\",\"Mejoras\"],\"articleSection\":[\"Personas mayores\"],\"inLanguage\":\"pt-PT\",\"potentialAction\":[{\"@type\":\"CommentAction\",\"name\":\"Comment\",\"target\":[\"http:\\\/\\\/forotf.com\\\/pt_pt\\\/mejoras-en-las-prestaciones-para-personas-dependientes-en-2023\\\/#respond\"]}]},{\"@type\":\"WebPage\",\"@id\":\"http:\\\/\\\/forotf.com\\\/pt_pt\\\/mejoras-en-las-prestaciones-para-personas-dependientes-en-2023\\\/\",\"url\":\"http:\\\/\\\/forotf.com\\\/pt_pt\\\/mejoras-en-las-prestaciones-para-personas-dependientes-en-2023\\\/\",\"name\":\"Mejoras en las prestaciones para personas dependientes en 2023 | Foro T\u00e9cnico de Formaci\u00f3n\",\"isPartOf\":{\"@id\":\"http:\\\/\\\/forotf.com\\\/pt\\\/#website\"},\"primaryImageOfPage\":{\"@id\":\"http:\\\/\\\/forotf.com\\\/pt_pt\\\/mejoras-en-las-prestaciones-para-personas-dependientes-en-2023\\\/#primaryimage\"},\"image\":{\"@id\":\"http:\\\/\\\/forotf.com\\\/pt_pt\\\/mejoras-en-las-prestaciones-para-personas-dependientes-en-2023\\\/#primaryimage\"},\"thumbnailUrl\":\"https:\\\/\\\/forotf.com\\\/wp-content\\\/uploads\\\/2024\\\/02\\\/Mejoras en las prestaciones para personas dependientes en 2023-scaled.jpg\",\"datePublished\":\"2023-01-05T11:09:43+00:00\",\"dateModified\":\"2024-03-19T11:14:54+00:00\",\"description\":\"Conoce las mejoras en las prestaciones para personas dependientes que llegan para este 2023 a trav\u00e9s de la\u00a0modificaci\u00f3n del Real Decreto.\",\"breadcrumb\":{\"@id\":\"http:\\\/\\\/forotf.com\\\/pt_pt\\\/mejoras-en-las-prestaciones-para-personas-dependientes-en-2023\\\/#breadcrumb\"},\"inLanguage\":\"pt-PT\",\"potentialAction\":[{\"@type\":\"ReadAction\",\"target\":[\"http:\\\/\\\/forotf.com\\\/pt_pt\\\/mejoras-en-las-prestaciones-para-personas-dependientes-en-2023\\\/\"]}]},{\"@type\":\"ImageObject\",\"inLanguage\":\"pt-PT\",\"@id\":\"http:\\\/\\\/forotf.com\\\/pt_pt\\\/mejoras-en-las-prestaciones-para-personas-dependientes-en-2023\\\/#primaryimage\",\"url\":\"https:\\\/\\\/forotf.com\\\/wp-content\\\/uploads\\\/2024\\\/02\\\/Mejoras en las prestaciones para personas dependientes en 2023-scaled.jpg\",\"contentUrl\":\"https:\\\/\\\/forotf.com\\\/wp-content\\\/uploads\\\/2024\\\/02\\\/Mejoras en las prestaciones para personas dependientes en 2023-scaled.jpg\",\"width\":6720,\"height\":4480},{\"@type\":\"BreadcrumbList\",\"@id\":\"http:\\\/\\\/forotf.com\\\/pt_pt\\\/mejoras-en-las-prestaciones-para-personas-dependientes-en-2023\\\/#breadcrumb\",\"itemListElement\":[{\"@type\":\"ListItem\",\"position\":1,\"name\":\"Inicio\",\"item\":\"https:\\\/\\\/forotf.com\\\/\"},{\"@type\":\"ListItem\",\"position\":2,\"name\":\"Personas mayores\",\"item\":\"http:\\\/\\\/forotf.com\\\/pt_pt\\\/category\\\/personas-mayores\\\/\"},{\"@type\":\"ListItem\",\"position\":3,\"name\":\"Mejoras en las prestaciones para personas dependientes en 2023\"}]},{\"@type\":\"WebSite\",\"@id\":\"http:\\\/\\\/forotf.com\\\/pt\\\/#website\",\"url\":\"http:\\\/\\\/forotf.com\\\/pt\\\/\",\"name\":\"Foro T\u00e9cnico de Formaci\u00f3n\",\"description\":\"Formaci\u00f3n para Empresas\",\"publisher\":{\"@id\":\"http:\\\/\\\/forotf.com\\\/pt\\\/#organization\"},\"alternateName\":\"FTF\",\"potentialAction\":[{\"@type\":\"SearchAction\",\"target\":{\"@type\":\"EntryPoint\",\"urlTemplate\":\"http:\\\/\\\/forotf.com\\\/pt\\\/?s={search_term_string}\"},\"query-input\":{\"@type\":\"PropertyValueSpecification\",\"valueRequired\":true,\"valueName\":\"search_term_string\"}}],\"inLanguage\":\"pt-PT\"},{\"@type\":\"Organization\",\"@id\":\"http:\\\/\\\/forotf.com\\\/pt\\\/#organization\",\"name\":\"Foro T\u00e9cnico de Formaci\u00f3n\",\"alternateName\":\"FTF\",\"url\":\"http:\\\/\\\/forotf.com\\\/pt\\\/\",\"logo\":{\"@type\":\"ImageObject\",\"inLanguage\":\"pt-PT\",\"@id\":\"http:\\\/\\\/forotf.com\\\/pt\\\/#\\\/schema\\\/logo\\\/image\\\/\",\"url\":\"https:\\\/\\\/forotf.com\\\/wp-content\\\/uploads\\\/2024\\\/02\\\/Oficial-Logo-FTF-Color.svg\",\"contentUrl\":\"https:\\\/\\\/forotf.com\\\/wp-content\\\/uploads\\\/2024\\\/02\\\/Oficial-Logo-FTF-Color.svg\",\"width\":794,\"height\":212,\"caption\":\"Foro T\u00e9cnico de Formaci\u00f3n\"},\"image\":{\"@id\":\"http:\\\/\\\/forotf.com\\\/pt\\\/#\\\/schema\\\/logo\\\/image\\\/\"},\"sameAs\":[\"https:\\\/\\\/es-es.facebook.com\\\/forotf\\\/\",\"https:\\\/\\\/www.instagram.com\\\/ftformacion\\\/?igshid=MWZjMTM2ODFkZg==\",\"https:\\\/\\\/www.linkedin.com\\\/company\\\/foro-tecnico-de-formacion\\\/?originalSubdomain=es\",\"https:\\\/\\\/www.youtube.com\\\/channel\\\/UCTzzsDUdLaZtfAGiP_ipLIg\"]},{\"@type\":\"Person\",\"@id\":\"http:\\\/\\\/forotf.com\\\/pt\\\/#\\\/schema\\\/person\\\/52040dc5e350e84072de04a814bb746a\",\"name\":\"joaquinberardi@programon.co\",\"image\":{\"@type\":\"ImageObject\",\"inLanguage\":\"pt-PT\",\"@id\":\"https:\\\/\\\/secure.gravatar.com\\\/avatar\\\/bba33812fe14c8b509161ee7dd7f830cf199c1a0b8f4f60145c7015b0c335b82?s=96&d=mm&r=g\",\"url\":\"https:\\\/\\\/secure.gravatar.com\\\/avatar\\\/bba33812fe14c8b509161ee7dd7f830cf199c1a0b8f4f60145c7015b0c335b82?s=96&d=mm&r=g\",\"contentUrl\":\"https:\\\/\\\/secure.gravatar.com\\\/avatar\\\/bba33812fe14c8b509161ee7dd7f830cf199c1a0b8f4f60145c7015b0c335b82?s=96&d=mm&r=g\",\"caption\":\"joaquinberardi@programon.co\"},\"sameAs\":[\"https:\\\/\\\/forotf.com\"]}]}<\/script>\n<!-- \/ Yoast SEO plugin. -->","yoast_head_json":{"title":"Mejoras en las prestaciones para personas dependientes en 2023 | Foro T\u00e9cnico de Formaci\u00f3n","description":"Conoce las mejoras en las prestaciones para personas dependientes que llegan para este 2023 a trav\u00e9s de la\u00a0modificaci\u00f3n del Real Decreto.","robots":{"index":"index","follow":"follow","max-snippet":"max-snippet:-1","max-image-preview":"max-image-preview:large","max-video-preview":"max-video-preview:-1"},"canonical":"http:\/\/forotf.com\/pt_pt\/mejoras-en-las-prestaciones-para-personas-dependientes-en-2023\/","og_locale":"pt_PT","og_type":"article","og_title":"Mejoras en las prestaciones para personas dependientes en 2023 | Foro T\u00e9cnico de Formaci\u00f3n","og_description":"Conoce las mejoras en las prestaciones para personas dependientes que llegan para este 2023 a trav\u00e9s de la\u00a0modificaci\u00f3n del Real Decreto.","og_url":"http:\/\/forotf.com\/pt_pt\/mejoras-en-las-prestaciones-para-personas-dependientes-en-2023\/","og_site_name":"Foro T\u00e9cnico de Formaci\u00f3n","article_publisher":"https:\/\/es-es.facebook.com\/forotf\/","article_published_time":"2023-01-05T11:09:43+00:00","article_modified_time":"2024-03-19T11:14:54+00:00","og_image":[{"width":6720,"height":4480,"url":"http:\/\/forotf.com\/wp-content\/uploads\/2024\/02\/Mejoras en las prestaciones para personas dependientes en 2023-scaled.jpg","type":"image\/jpeg"}],"author":"joaquinberardi@programon.co","twitter_card":"summary_large_image","schema":{"@context":"https:\/\/schema.org","@graph":[{"@type":"Article","@id":"http:\/\/forotf.com\/pt_pt\/mejoras-en-las-prestaciones-para-personas-dependientes-en-2023\/#article","isPartOf":{"@id":"http:\/\/forotf.com\/pt_pt\/mejoras-en-las-prestaciones-para-personas-dependientes-en-2023\/"},"author":{"name":"joaquinberardi@programon.co","@id":"http:\/\/forotf.com\/pt\/#\/schema\/person\/52040dc5e350e84072de04a814bb746a"},"headline":"Mejoras en las prestaciones para personas dependientes en 2023","datePublished":"2023-01-05T11:09:43+00:00","dateModified":"2024-03-19T11:14:54+00:00","mainEntityOfPage":{"@id":"http:\/\/forotf.com\/pt_pt\/mejoras-en-las-prestaciones-para-personas-dependientes-en-2023\/"},"wordCount":296,"commentCount":0,"publisher":{"@id":"http:\/\/forotf.com\/pt\/#organization"},"image":{"@id":"http:\/\/forotf.com\/pt_pt\/mejoras-en-las-prestaciones-para-personas-dependientes-en-2023\/#primaryimage"},"thumbnailUrl":"https:\/\/forotf.com\/wp-content\/uploads\/2024\/02\/Mejoras en las prestaciones para personas dependientes en 2023-scaled.jpg","keywords":["2023","Ayudas","Mejoras"],"articleSection":["Personas mayores"],"inLanguage":"pt-PT","potentialAction":[{"@type":"CommentAction","name":"Comment","target":["http:\/\/forotf.com\/pt_pt\/mejoras-en-las-prestaciones-para-personas-dependientes-en-2023\/#respond"]}]},{"@type":"WebPage","@id":"http:\/\/forotf.com\/pt_pt\/mejoras-en-las-prestaciones-para-personas-dependientes-en-2023\/","url":"http:\/\/forotf.com\/pt_pt\/mejoras-en-las-prestaciones-para-personas-dependientes-en-2023\/","name":"Mejoras en las prestaciones para personas dependientes en 2023 | Foro T\u00e9cnico de Formaci\u00f3n","isPartOf":{"@id":"http:\/\/forotf.com\/pt\/#website"},"primaryImageOfPage":{"@id":"http:\/\/forotf.com\/pt_pt\/mejoras-en-las-prestaciones-para-personas-dependientes-en-2023\/#primaryimage"},"image":{"@id":"http:\/\/forotf.com\/pt_pt\/mejoras-en-las-prestaciones-para-personas-dependientes-en-2023\/#primaryimage"},"thumbnailUrl":"https:\/\/forotf.com\/wp-content\/uploads\/2024\/02\/Mejoras en las prestaciones para personas dependientes en 2023-scaled.jpg","datePublished":"2023-01-05T11:09:43+00:00","dateModified":"2024-03-19T11:14:54+00:00","description":"Conoce las mejoras en las prestaciones para personas dependientes que llegan para este 2023 a trav\u00e9s de la\u00a0modificaci\u00f3n del Real Decreto.","breadcrumb":{"@id":"http:\/\/forotf.com\/pt_pt\/mejoras-en-las-prestaciones-para-personas-dependientes-en-2023\/#breadcrumb"},"inLanguage":"pt-PT","potentialAction":[{"@type":"ReadAction","target":["http:\/\/forotf.com\/pt_pt\/mejoras-en-las-prestaciones-para-personas-dependientes-en-2023\/"]}]},{"@type":"ImageObject","inLanguage":"pt-PT","@id":"http:\/\/forotf.com\/pt_pt\/mejoras-en-las-prestaciones-para-personas-dependientes-en-2023\/#primaryimage","url":"https:\/\/forotf.com\/wp-content\/uploads\/2024\/02\/Mejoras en las prestaciones para personas dependientes en 2023-scaled.jpg","contentUrl":"https:\/\/forotf.com\/wp-content\/uploads\/2024\/02\/Mejoras en las prestaciones para personas dependientes en 2023-scaled.jpg","width":6720,"height":4480},{"@type":"BreadcrumbList","@id":"http:\/\/forotf.com\/pt_pt\/mejoras-en-las-prestaciones-para-personas-dependientes-en-2023\/#breadcrumb","itemListElement":[{"@type":"ListItem","position":1,"name":"Inicio","item":"https:\/\/forotf.com\/"},{"@type":"ListItem","position":2,"name":"Personas mayores","item":"http:\/\/forotf.com\/pt_pt\/category\/personas-mayores\/"},{"@type":"ListItem","position":3,"name":"Mejoras en las prestaciones para personas dependientes en 2023"}]},{"@type":"WebSite","@id":"http:\/\/forotf.com\/pt\/#website","url":"http:\/\/forotf.com\/pt\/","name":"F\u00f3rum de Treinamento T\u00e9cnico","description":"Treinamento para Empresas","publisher":{"@id":"http:\/\/forotf.com\/pt\/#organization"},"alternateName":"FTF","potentialAction":[{"@type":"SearchAction","target":{"@type":"EntryPoint","urlTemplate":"http:\/\/forotf.com\/pt\/?s={search_term_string}"},"query-input":{"@type":"PropertyValueSpecification","valueRequired":true,"valueName":"search_term_string"}}],"inLanguage":"pt-PT"},{"@type":"Organization","@id":"http:\/\/forotf.com\/pt\/#organization","name":"F\u00f3rum de Treinamento T\u00e9cnico","alternateName":"FTF","url":"http:\/\/forotf.com\/pt\/","logo":{"@type":"ImageObject","inLanguage":"pt-PT","@id":"http:\/\/forotf.com\/pt\/#\/schema\/logo\/image\/","url":"https:\/\/forotf.com\/wp-content\/uploads\/2024\/02\/Oficial-Logo-FTF-Color.svg","contentUrl":"https:\/\/forotf.com\/wp-content\/uploads\/2024\/02\/Oficial-Logo-FTF-Color.svg","width":794,"height":212,"caption":"Foro T\u00e9cnico de Formaci\u00f3n"},"image":{"@id":"http:\/\/forotf.com\/pt\/#\/schema\/logo\/image\/"},"sameAs":["https:\/\/es-es.facebook.com\/forotf\/","https:\/\/www.instagram.com\/ftformacion\/?igshid=MWZjMTM2ODFkZg==","https:\/\/www.linkedin.com\/company\/foro-tecnico-de-formacion\/?originalSubdomain=es","https:\/\/www.youtube.com\/channel\/UCTzzsDUdLaZtfAGiP_ipLIg"]},{"@type":"Person","@id":"http:\/\/forotf.com\/pt\/#\/schema\/person\/52040dc5e350e84072de04a814bb746a","name":"joaquinberardi@programon.co","image":{"@type":"ImageObject","inLanguage":"pt-PT","@id":"https:\/\/secure.gravatar.com\/avatar\/bba33812fe14c8b509161ee7dd7f830cf199c1a0b8f4f60145c7015b0c335b82?s=96&d=mm&r=g","url":"https:\/\/secure.gravatar.com\/avatar\/bba33812fe14c8b509161ee7dd7f830cf199c1a0b8f4f60145c7015b0c335b82?s=96&d=mm&r=g","contentUrl":"https:\/\/secure.gravatar.com\/avatar\/bba33812fe14c8b509161ee7dd7f830cf199c1a0b8f4f60145c7015b0c335b82?s=96&d=mm&r=g","caption":"joaquinberardi@programon.co"},"sameAs":["https:\/\/forotf.com"]}]}},"publishpress_future_action":{"enabled":false,"date":"2026-05-05 12:59:52","action":"change-status","newStatus":"draft","terms":[],"taxonomy":"category","extraData":[]},"publishpress_future_workflow_manual_trigger":{"enabledWorkflows":[]},"_links":{"self":[{"href":"http:\/\/forotf.com\/pt_pt\/wp-json\/wp\/v2\/posts\/1299","targetHints":{"allow":["GET"]}}],"collection":[{"href":"http:\/\/forotf.com\/pt_pt\/wp-json\/wp\/v2\/posts"}],"about":[{"href":"http:\/\/forotf.com\/pt_pt\/wp-json\/wp\/v2\/types\/post"}],"author":[{"embeddable":true,"href":"http:\/\/forotf.com\/pt_pt\/wp-json\/wp\/v2\/users\/1"}],"replies":[{"embeddable":true,"href":"http:\/\/forotf.com\/pt_pt\/wp-json\/wp\/v2\/comments?post=1299"}],"version-history":[{"count":1,"href":"http:\/\/forotf.com\/pt_pt\/wp-json\/wp\/v2\/posts\/1299\/revisions"}],"predecessor-version":[{"id":3599,"href":"http:\/\/forotf.com\/pt_pt\/wp-json\/wp\/v2\/posts\/1299\/revisions\/3599"}],"wp:featuredmedia":[{"embeddable":true,"href":"http:\/\/forotf.com\/pt_pt\/wp-json\/wp\/v2\/media\/1511"}],"wp:attachment":[{"href":"http:\/\/forotf.com\/pt_pt\/wp-json\/wp\/v2\/media?parent=1299"}],"wp:term":[{"taxonomy":"category","embeddable":true,"href":"http:\/\/forotf.com\/pt_pt\/wp-json\/wp\/v2\/categories?post=1299"},{"taxonomy":"post_tag","embeddable":true,"href":"http:\/\/forotf.com\/pt_pt\/wp-json\/wp\/v2\/tags?post=1299"}],"curies":[{"name":"wp","href":"https:\/\/api.w.org\/{rel}","templated":true}]}}