{"id":1266,"date":"2019-11-29T13:22:49","date_gmt":"2019-11-29T13:22:49","guid":{"rendered":"https:\/\/forotf.com\/foro-tecnico-de-formacion-firma-un-acuerdo-de-colaboracion-con-el-centro-de-humanizacion-de-la-salud-2\/"},"modified":"2024-03-19T11:21:03","modified_gmt":"2024-03-19T11:21:03","slug":"foro-tecnico-de-formacion-firma-un-acuerdo-de-colaboracion-con-el-centro-de-humanizacion-de-la-salud-2","status":"publish","type":"post","link":"http:\/\/forotf.com\/pt\/foro-tecnico-de-formacion-firma-un-acuerdo-de-colaboracion-con-el-centro-de-humanizacion-de-la-salud-2\/","title":{"rendered":"F\u00f3rum de Forma\u00e7\u00e3o T\u00e9cnica assina acordo de colabora\u00e7\u00e3o com o Centro de Humaniza\u00e7\u00e3o da Sa\u00fade"},"content":{"rendered":"<p>Sim<img fetchpriority=\"high\" decoding=\"async\" class=\"wp-image-4290 alignleft\" src=\"https:\/\/forotf.com\/wp-content\/uploads\/2019\/11\/4-630x420.jpg\" alt=\"\" width=\"313\" height=\"210\" \/>ergio Chaves, diretor do F\u00f3rum de Forma\u00e7\u00e3o T\u00e9cnica, e Jos\u00e9 Manuel Mart\u00ednez Gal\u00e1n, Gerente do Centro de Humaniza\u00e7\u00e3o em Sa\u00fade (CEHS) do Centro San Camilo - Religiosos Camilos -, assinaram um acordo de colabora\u00e7\u00e3o com o objetivo de unir for\u00e7as na forma\u00e7\u00e3o relacionada ao fim da vida e \u00e0 cultura do cuidado.<br \/>\n<strong>Sobre CEHS<\/strong><\/p>\n<p>O Centro de Humaniza\u00e7\u00e3o da Sa\u00fade (CEHS) foi fundado em 1989 com o objetivo de promover uma cultura humanizada de cuidado inspirada no humanismo crist\u00e3o e sens\u00edvel aos valores humanos e \u00e0s aspira\u00e7\u00f5es mais profundas da pessoa.<\/p>","protected":false},"excerpt":{"rendered":"<p>Sergio Chaves, diretor do F\u00f3rum de Forma\u00e7\u00e3o T\u00e9cnica, e Jos\u00e9 Manuel Mart\u00ednez Gal\u00e1n, Gerente do Centro de Humaniza\u00e7\u00e3o em Sa\u00fade (CEHS) do Centro San Camilo -Camilo Religioso-, assinaram um acordo de colabora\u00e7\u00e3o com o objetivo de unir for\u00e7as na forma\u00e7\u00e3o relacionada ao fim da vida e \u00e0 cultura do cuidado. [\u2026]<\/p>","protected":false},"author":1,"featured_media":5,"comment_status":"open","ping_status":"open","sticky":false,"template":"","format":"standard","meta":{"footnotes":""},"categories":[135],"tags":[],"class_list":["post-1266","post","type-post","status-publish","format-standard","has-post-thumbnail","hentry","category-sobre-foro"],"pp_statuses_selecting_workflow":false,"pp_workflow_action":"current","pp_status_selection":"publish","yoast_head":"<!-- This site is optimized with the Yoast SEO plugin v27.5 - https:\/\/yoast.com\/product\/yoast-seo-wordpress\/ -->\n<title>Foro T\u00e9cnico de Formaci\u00f3n firma un acuerdo de colaboraci\u00f3n con el Centro de Humanizaci\u00f3n de la Salud | Foro T\u00e9cnico de Formaci\u00f3n<\/title>\n<meta name=\"robots\" content=\"index, follow, max-snippet:-1, max-image-preview:large, max-video-preview:-1\" \/>\n<link rel=\"canonical\" href=\"https:\/\/forotf.com\/pt\/foro-tecnico-de-formacion-firma-un-acuerdo-de-colaboracion-con-el-centro-de-humanizacion-de-la-salud-2\/\" \/>\n<meta property=\"og:locale\" content=\"pt_BR\" \/>\n<meta property=\"og:type\" content=\"article\" \/>\n<meta property=\"og:title\" content=\"Foro T\u00e9cnico de Formaci\u00f3n firma un acuerdo de colaboraci\u00f3n con el Centro de Humanizaci\u00f3n de la Salud | Foro T\u00e9cnico de Formaci\u00f3n\" \/>\n<meta property=\"og:description\" content=\"Sergio Chaves, director de Foro T\u00e9cnico de Formaci\u00f3n, y Jos\u00e9 Manuel Mart\u00ednez Gal\u00e1n, Gerente del Centro de Humanizaci\u00f3n de la Salud (CEHS) del Centro San Camilo -Religiosos Camilos-, han firmado un acuerdo de colaboraci\u00f3n con el objetivo de aunar fuerzas en la formaci\u00f3n relacionada con el final de la vida y la cultura del cuidado. [&hellip;]\" \/>\n<meta property=\"og:url\" content=\"https:\/\/forotf.com\/pt\/foro-tecnico-de-formacion-firma-un-acuerdo-de-colaboracion-con-el-centro-de-humanizacion-de-la-salud-2\/\" \/>\n<meta property=\"og:site_name\" content=\"Foro T\u00e9cnico de Formaci\u00f3n\" \/>\n<meta property=\"article:publisher\" content=\"https:\/\/es-es.facebook.com\/forotf\/\" \/>\n<meta property=\"article:published_time\" content=\"2019-11-29T13:22:49+00:00\" \/>\n<meta property=\"article:modified_time\" content=\"2024-03-19T11:21:03+00:00\" \/>\n<meta property=\"og:image\" content=\"https:\/\/forotf.com\/wp-content\/uploads\/woocommerce-placeholder.png\" \/>\n\t<meta property=\"og:image:width\" content=\"1200\" \/>\n\t<meta property=\"og:image:height\" content=\"1200\" \/>\n\t<meta property=\"og:image:type\" content=\"image\/png\" \/>\n<meta name=\"author\" content=\"joaquinberardi@programon.co\" \/>\n<meta name=\"twitter:card\" content=\"summary_large_image\" \/>\n<script type=\"application\/ld+json\" class=\"yoast-schema-graph\">{\"@context\":\"https:\\\/\\\/schema.org\",\"@graph\":[{\"@type\":\"Article\",\"@id\":\"https:\\\/\\\/forotf.com\\\/foro-tecnico-de-formacion-firma-un-acuerdo-de-colaboracion-con-el-centro-de-humanizacion-de-la-salud-2\\\/#article\",\"isPartOf\":{\"@id\":\"https:\\\/\\\/forotf.com\\\/foro-tecnico-de-formacion-firma-un-acuerdo-de-colaboracion-con-el-centro-de-humanizacion-de-la-salud-2\\\/\"},\"author\":{\"name\":\"joaquinberardi@programon.co\",\"@id\":\"http:\\\/\\\/forotf.com\\\/pt\\\/#\\\/schema\\\/person\\\/52040dc5e350e84072de04a814bb746a\"},\"headline\":\"Foro T\u00e9cnico de Formaci\u00f3n firma un acuerdo de colaboraci\u00f3n con el Centro de Humanizaci\u00f3n de la Salud\",\"datePublished\":\"2019-11-29T13:22:49+00:00\",\"dateModified\":\"2024-03-19T11:21:03+00:00\",\"mainEntityOfPage\":{\"@id\":\"https:\\\/\\\/forotf.com\\\/foro-tecnico-de-formacion-firma-un-acuerdo-de-colaboracion-con-el-centro-de-humanizacion-de-la-salud-2\\\/\"},\"wordCount\":126,\"commentCount\":0,\"publisher\":{\"@id\":\"http:\\\/\\\/forotf.com\\\/pt\\\/#organization\"},\"image\":{\"@id\":\"https:\\\/\\\/forotf.com\\\/foro-tecnico-de-formacion-firma-un-acuerdo-de-colaboracion-con-el-centro-de-humanizacion-de-la-salud-2\\\/#primaryimage\"},\"thumbnailUrl\":\"https:\\\/\\\/forotf.com\\\/wp-content\\\/uploads\\\/woocommerce-placeholder.png\",\"articleSection\":[\"Sobre Foro\"],\"inLanguage\":\"pt-BR\",\"potentialAction\":[{\"@type\":\"CommentAction\",\"name\":\"Comment\",\"target\":[\"https:\\\/\\\/forotf.com\\\/foro-tecnico-de-formacion-firma-un-acuerdo-de-colaboracion-con-el-centro-de-humanizacion-de-la-salud-2\\\/#respond\"]}]},{\"@type\":\"WebPage\",\"@id\":\"https:\\\/\\\/forotf.com\\\/foro-tecnico-de-formacion-firma-un-acuerdo-de-colaboracion-con-el-centro-de-humanizacion-de-la-salud-2\\\/\",\"url\":\"https:\\\/\\\/forotf.com\\\/foro-tecnico-de-formacion-firma-un-acuerdo-de-colaboracion-con-el-centro-de-humanizacion-de-la-salud-2\\\/\",\"name\":\"Foro T\u00e9cnico de Formaci\u00f3n firma un acuerdo de colaboraci\u00f3n con el Centro de Humanizaci\u00f3n de la Salud | Foro T\u00e9cnico de Formaci\u00f3n\",\"isPartOf\":{\"@id\":\"http:\\\/\\\/forotf.com\\\/pt\\\/#website\"},\"primaryImageOfPage\":{\"@id\":\"https:\\\/\\\/forotf.com\\\/foro-tecnico-de-formacion-firma-un-acuerdo-de-colaboracion-con-el-centro-de-humanizacion-de-la-salud-2\\\/#primaryimage\"},\"image\":{\"@id\":\"https:\\\/\\\/forotf.com\\\/foro-tecnico-de-formacion-firma-un-acuerdo-de-colaboracion-con-el-centro-de-humanizacion-de-la-salud-2\\\/#primaryimage\"},\"thumbnailUrl\":\"https:\\\/\\\/forotf.com\\\/wp-content\\\/uploads\\\/woocommerce-placeholder.png\",\"datePublished\":\"2019-11-29T13:22:49+00:00\",\"dateModified\":\"2024-03-19T11:21:03+00:00\",\"breadcrumb\":{\"@id\":\"https:\\\/\\\/forotf.com\\\/foro-tecnico-de-formacion-firma-un-acuerdo-de-colaboracion-con-el-centro-de-humanizacion-de-la-salud-2\\\/#breadcrumb\"},\"inLanguage\":\"pt-BR\",\"potentialAction\":[{\"@type\":\"ReadAction\",\"target\":[\"https:\\\/\\\/forotf.com\\\/foro-tecnico-de-formacion-firma-un-acuerdo-de-colaboracion-con-el-centro-de-humanizacion-de-la-salud-2\\\/\"]}]},{\"@type\":\"ImageObject\",\"inLanguage\":\"pt-BR\",\"@id\":\"https:\\\/\\\/forotf.com\\\/foro-tecnico-de-formacion-firma-un-acuerdo-de-colaboracion-con-el-centro-de-humanizacion-de-la-salud-2\\\/#primaryimage\",\"url\":\"https:\\\/\\\/forotf.com\\\/wp-content\\\/uploads\\\/woocommerce-placeholder.png\",\"contentUrl\":\"https:\\\/\\\/forotf.com\\\/wp-content\\\/uploads\\\/woocommerce-placeholder.png\",\"width\":1200,\"height\":1200},{\"@type\":\"BreadcrumbList\",\"@id\":\"https:\\\/\\\/forotf.com\\\/foro-tecnico-de-formacion-firma-un-acuerdo-de-colaboracion-con-el-centro-de-humanizacion-de-la-salud-2\\\/#breadcrumb\",\"itemListElement\":[{\"@type\":\"ListItem\",\"position\":1,\"name\":\"Inicio\",\"item\":\"https:\\\/\\\/forotf.com\\\/\"},{\"@type\":\"ListItem\",\"position\":2,\"name\":\"Sobre Foro\",\"item\":\"https:\\\/\\\/forotf.com\\\/category\\\/sobre-foro\\\/\"},{\"@type\":\"ListItem\",\"position\":3,\"name\":\"Foro T\u00e9cnico de Formaci\u00f3n firma un acuerdo de colaboraci\u00f3n con el Centro de Humanizaci\u00f3n de la Salud\"}]},{\"@type\":\"WebSite\",\"@id\":\"http:\\\/\\\/forotf.com\\\/pt\\\/#website\",\"url\":\"http:\\\/\\\/forotf.com\\\/pt\\\/\",\"name\":\"Foro T\u00e9cnico de Formaci\u00f3n\",\"description\":\"Formaci\u00f3n para Empresas\",\"publisher\":{\"@id\":\"http:\\\/\\\/forotf.com\\\/pt\\\/#organization\"},\"alternateName\":\"FTF\",\"potentialAction\":[{\"@type\":\"SearchAction\",\"target\":{\"@type\":\"EntryPoint\",\"urlTemplate\":\"http:\\\/\\\/forotf.com\\\/pt\\\/?s={search_term_string}\"},\"query-input\":{\"@type\":\"PropertyValueSpecification\",\"valueRequired\":true,\"valueName\":\"search_term_string\"}}],\"inLanguage\":\"pt-BR\"},{\"@type\":\"Organization\",\"@id\":\"http:\\\/\\\/forotf.com\\\/pt\\\/#organization\",\"name\":\"Foro T\u00e9cnico de Formaci\u00f3n\",\"alternateName\":\"FTF\",\"url\":\"http:\\\/\\\/forotf.com\\\/pt\\\/\",\"logo\":{\"@type\":\"ImageObject\",\"inLanguage\":\"pt-BR\",\"@id\":\"http:\\\/\\\/forotf.com\\\/pt\\\/#\\\/schema\\\/logo\\\/image\\\/\",\"url\":\"https:\\\/\\\/forotf.com\\\/wp-content\\\/uploads\\\/2024\\\/02\\\/Oficial-Logo-FTF-Color.svg\",\"contentUrl\":\"https:\\\/\\\/forotf.com\\\/wp-content\\\/uploads\\\/2024\\\/02\\\/Oficial-Logo-FTF-Color.svg\",\"width\":794,\"height\":212,\"caption\":\"Foro T\u00e9cnico de Formaci\u00f3n\"},\"image\":{\"@id\":\"http:\\\/\\\/forotf.com\\\/pt\\\/#\\\/schema\\\/logo\\\/image\\\/\"},\"sameAs\":[\"https:\\\/\\\/es-es.facebook.com\\\/forotf\\\/\",\"https:\\\/\\\/www.instagram.com\\\/ftformacion\\\/?igshid=MWZjMTM2ODFkZg==\",\"https:\\\/\\\/www.linkedin.com\\\/company\\\/foro-tecnico-de-formacion\\\/?originalSubdomain=es\",\"https:\\\/\\\/www.youtube.com\\\/channel\\\/UCTzzsDUdLaZtfAGiP_ipLIg\"]},{\"@type\":\"Person\",\"@id\":\"http:\\\/\\\/forotf.com\\\/pt\\\/#\\\/schema\\\/person\\\/52040dc5e350e84072de04a814bb746a\",\"name\":\"joaquinberardi@programon.co\",\"image\":{\"@type\":\"ImageObject\",\"inLanguage\":\"pt-BR\",\"@id\":\"https:\\\/\\\/secure.gravatar.com\\\/avatar\\\/bba33812fe14c8b509161ee7dd7f830cf199c1a0b8f4f60145c7015b0c335b82?s=96&d=mm&r=g\",\"url\":\"https:\\\/\\\/secure.gravatar.com\\\/avatar\\\/bba33812fe14c8b509161ee7dd7f830cf199c1a0b8f4f60145c7015b0c335b82?s=96&d=mm&r=g\",\"contentUrl\":\"https:\\\/\\\/secure.gravatar.com\\\/avatar\\\/bba33812fe14c8b509161ee7dd7f830cf199c1a0b8f4f60145c7015b0c335b82?s=96&d=mm&r=g\",\"caption\":\"joaquinberardi@programon.co\"},\"sameAs\":[\"https:\\\/\\\/forotf.com\"]}]}<\/script>\n<!-- \/ Yoast SEO plugin. -->","yoast_head_json":{"title":"Foro T\u00e9cnico de Formaci\u00f3n firma un acuerdo de colaboraci\u00f3n con el Centro de Humanizaci\u00f3n de la Salud | Foro T\u00e9cnico de Formaci\u00f3n","robots":{"index":"index","follow":"follow","max-snippet":"max-snippet:-1","max-image-preview":"max-image-preview:large","max-video-preview":"max-video-preview:-1"},"canonical":"https:\/\/forotf.com\/pt\/foro-tecnico-de-formacion-firma-un-acuerdo-de-colaboracion-con-el-centro-de-humanizacion-de-la-salud-2\/","og_locale":"pt_BR","og_type":"article","og_title":"Foro T\u00e9cnico de Formaci\u00f3n firma un acuerdo de colaboraci\u00f3n con el Centro de Humanizaci\u00f3n de la Salud | Foro T\u00e9cnico de Formaci\u00f3n","og_description":"Sergio Chaves, director de Foro T\u00e9cnico de Formaci\u00f3n, y Jos\u00e9 Manuel Mart\u00ednez Gal\u00e1n, Gerente del Centro de Humanizaci\u00f3n de la Salud (CEHS) del Centro San Camilo -Religiosos Camilos-, han firmado un acuerdo de colaboraci\u00f3n con el objetivo de aunar fuerzas en la formaci\u00f3n relacionada con el final de la vida y la cultura del cuidado. [&hellip;]","og_url":"https:\/\/forotf.com\/pt\/foro-tecnico-de-formacion-firma-un-acuerdo-de-colaboracion-con-el-centro-de-humanizacion-de-la-salud-2\/","og_site_name":"Foro T\u00e9cnico de Formaci\u00f3n","article_publisher":"https:\/\/es-es.facebook.com\/forotf\/","article_published_time":"2019-11-29T13:22:49+00:00","article_modified_time":"2024-03-19T11:21:03+00:00","og_image":[{"width":1200,"height":1200,"url":"https:\/\/forotf.com\/wp-content\/uploads\/woocommerce-placeholder.png","type":"image\/png"}],"author":"joaquinberardi@programon.co","twitter_card":"summary_large_image","schema":{"@context":"https:\/\/schema.org","@graph":[{"@type":"Article","@id":"https:\/\/forotf.com\/foro-tecnico-de-formacion-firma-un-acuerdo-de-colaboracion-con-el-centro-de-humanizacion-de-la-salud-2\/#article","isPartOf":{"@id":"https:\/\/forotf.com\/foro-tecnico-de-formacion-firma-un-acuerdo-de-colaboracion-con-el-centro-de-humanizacion-de-la-salud-2\/"},"author":{"name":"joaquinberardi@programon.co","@id":"http:\/\/forotf.com\/pt\/#\/schema\/person\/52040dc5e350e84072de04a814bb746a"},"headline":"Foro T\u00e9cnico de Formaci\u00f3n firma un acuerdo de colaboraci\u00f3n con el Centro de Humanizaci\u00f3n de la Salud","datePublished":"2019-11-29T13:22:49+00:00","dateModified":"2024-03-19T11:21:03+00:00","mainEntityOfPage":{"@id":"https:\/\/forotf.com\/foro-tecnico-de-formacion-firma-un-acuerdo-de-colaboracion-con-el-centro-de-humanizacion-de-la-salud-2\/"},"wordCount":126,"commentCount":0,"publisher":{"@id":"http:\/\/forotf.com\/pt\/#organization"},"image":{"@id":"https:\/\/forotf.com\/foro-tecnico-de-formacion-firma-un-acuerdo-de-colaboracion-con-el-centro-de-humanizacion-de-la-salud-2\/#primaryimage"},"thumbnailUrl":"https:\/\/forotf.com\/wp-content\/uploads\/woocommerce-placeholder.png","articleSection":["Sobre Foro"],"inLanguage":"pt-BR","potentialAction":[{"@type":"CommentAction","name":"Comment","target":["https:\/\/forotf.com\/foro-tecnico-de-formacion-firma-un-acuerdo-de-colaboracion-con-el-centro-de-humanizacion-de-la-salud-2\/#respond"]}]},{"@type":"WebPage","@id":"https:\/\/forotf.com\/foro-tecnico-de-formacion-firma-un-acuerdo-de-colaboracion-con-el-centro-de-humanizacion-de-la-salud-2\/","url":"https:\/\/forotf.com\/foro-tecnico-de-formacion-firma-un-acuerdo-de-colaboracion-con-el-centro-de-humanizacion-de-la-salud-2\/","name":"Foro T\u00e9cnico de Formaci\u00f3n firma un acuerdo de colaboraci\u00f3n con el Centro de Humanizaci\u00f3n de la Salud | Foro T\u00e9cnico de Formaci\u00f3n","isPartOf":{"@id":"http:\/\/forotf.com\/pt\/#website"},"primaryImageOfPage":{"@id":"https:\/\/forotf.com\/foro-tecnico-de-formacion-firma-un-acuerdo-de-colaboracion-con-el-centro-de-humanizacion-de-la-salud-2\/#primaryimage"},"image":{"@id":"https:\/\/forotf.com\/foro-tecnico-de-formacion-firma-un-acuerdo-de-colaboracion-con-el-centro-de-humanizacion-de-la-salud-2\/#primaryimage"},"thumbnailUrl":"https:\/\/forotf.com\/wp-content\/uploads\/woocommerce-placeholder.png","datePublished":"2019-11-29T13:22:49+00:00","dateModified":"2024-03-19T11:21:03+00:00","breadcrumb":{"@id":"https:\/\/forotf.com\/foro-tecnico-de-formacion-firma-un-acuerdo-de-colaboracion-con-el-centro-de-humanizacion-de-la-salud-2\/#breadcrumb"},"inLanguage":"pt-BR","potentialAction":[{"@type":"ReadAction","target":["https:\/\/forotf.com\/foro-tecnico-de-formacion-firma-un-acuerdo-de-colaboracion-con-el-centro-de-humanizacion-de-la-salud-2\/"]}]},{"@type":"ImageObject","inLanguage":"pt-BR","@id":"https:\/\/forotf.com\/foro-tecnico-de-formacion-firma-un-acuerdo-de-colaboracion-con-el-centro-de-humanizacion-de-la-salud-2\/#primaryimage","url":"https:\/\/forotf.com\/wp-content\/uploads\/woocommerce-placeholder.png","contentUrl":"https:\/\/forotf.com\/wp-content\/uploads\/woocommerce-placeholder.png","width":1200,"height":1200},{"@type":"BreadcrumbList","@id":"https:\/\/forotf.com\/foro-tecnico-de-formacion-firma-un-acuerdo-de-colaboracion-con-el-centro-de-humanizacion-de-la-salud-2\/#breadcrumb","itemListElement":[{"@type":"ListItem","position":1,"name":"Inicio","item":"https:\/\/forotf.com\/"},{"@type":"ListItem","position":2,"name":"Sobre Foro","item":"https:\/\/forotf.com\/category\/sobre-foro\/"},{"@type":"ListItem","position":3,"name":"Foro T\u00e9cnico de Formaci\u00f3n firma un acuerdo de colaboraci\u00f3n con el Centro de Humanizaci\u00f3n de la Salud"}]},{"@type":"WebSite","@id":"http:\/\/forotf.com\/pt\/#website","url":"http:\/\/forotf.com\/pt\/","name":"F\u00f3rum de Treinamento T\u00e9cnico","description":"Treinamento para Empresas","publisher":{"@id":"http:\/\/forotf.com\/pt\/#organization"},"alternateName":"FTF","potentialAction":[{"@type":"SearchAction","target":{"@type":"EntryPoint","urlTemplate":"http:\/\/forotf.com\/pt\/?s={search_term_string}"},"query-input":{"@type":"PropertyValueSpecification","valueRequired":true,"valueName":"search_term_string"}}],"inLanguage":"pt-BR"},{"@type":"Organization","@id":"http:\/\/forotf.com\/pt\/#organization","name":"F\u00f3rum de Treinamento T\u00e9cnico","alternateName":"FTF","url":"http:\/\/forotf.com\/pt\/","logo":{"@type":"ImageObject","inLanguage":"pt-BR","@id":"http:\/\/forotf.com\/pt\/#\/schema\/logo\/image\/","url":"https:\/\/forotf.com\/wp-content\/uploads\/2024\/02\/Oficial-Logo-FTF-Color.svg","contentUrl":"https:\/\/forotf.com\/wp-content\/uploads\/2024\/02\/Oficial-Logo-FTF-Color.svg","width":794,"height":212,"caption":"Foro T\u00e9cnico de Formaci\u00f3n"},"image":{"@id":"http:\/\/forotf.com\/pt\/#\/schema\/logo\/image\/"},"sameAs":["https:\/\/es-es.facebook.com\/forotf\/","https:\/\/www.instagram.com\/ftformacion\/?igshid=MWZjMTM2ODFkZg==","https:\/\/www.linkedin.com\/company\/foro-tecnico-de-formacion\/?originalSubdomain=es","https:\/\/www.youtube.com\/channel\/UCTzzsDUdLaZtfAGiP_ipLIg"]},{"@type":"Person","@id":"http:\/\/forotf.com\/pt\/#\/schema\/person\/52040dc5e350e84072de04a814bb746a","name":"joaquinberardi@programon.co","image":{"@type":"ImageObject","inLanguage":"pt-BR","@id":"https:\/\/secure.gravatar.com\/avatar\/bba33812fe14c8b509161ee7dd7f830cf199c1a0b8f4f60145c7015b0c335b82?s=96&d=mm&r=g","url":"https:\/\/secure.gravatar.com\/avatar\/bba33812fe14c8b509161ee7dd7f830cf199c1a0b8f4f60145c7015b0c335b82?s=96&d=mm&r=g","contentUrl":"https:\/\/secure.gravatar.com\/avatar\/bba33812fe14c8b509161ee7dd7f830cf199c1a0b8f4f60145c7015b0c335b82?s=96&d=mm&r=g","caption":"joaquinberardi@programon.co"},"sameAs":["https:\/\/forotf.com"]}]}},"publishpress_future_action":{"enabled":false,"date":"2026-05-06 20:44:33","action":"change-status","newStatus":"draft","terms":[],"taxonomy":"category","extraData":[]},"publishpress_future_workflow_manual_trigger":{"enabledWorkflows":[]},"_links":{"self":[{"href":"http:\/\/forotf.com\/pt\/wp-json\/wp\/v2\/posts\/1266","targetHints":{"allow":["GET"]}}],"collection":[{"href":"http:\/\/forotf.com\/pt\/wp-json\/wp\/v2\/posts"}],"about":[{"href":"http:\/\/forotf.com\/pt\/wp-json\/wp\/v2\/types\/post"}],"author":[{"embeddable":true,"href":"http:\/\/forotf.com\/pt\/wp-json\/wp\/v2\/users\/1"}],"replies":[{"embeddable":true,"href":"http:\/\/forotf.com\/pt\/wp-json\/wp\/v2\/comments?post=1266"}],"version-history":[{"count":1,"href":"http:\/\/forotf.com\/pt\/wp-json\/wp\/v2\/posts\/1266\/revisions"}],"predecessor-version":[{"id":3617,"href":"http:\/\/forotf.com\/pt\/wp-json\/wp\/v2\/posts\/1266\/revisions\/3617"}],"wp:featuredmedia":[{"embeddable":true,"href":"http:\/\/forotf.com\/pt\/wp-json\/wp\/v2\/media\/5"}],"wp:attachment":[{"href":"http:\/\/forotf.com\/pt\/wp-json\/wp\/v2\/media?parent=1266"}],"wp:term":[{"taxonomy":"category","embeddable":true,"href":"http:\/\/forotf.com\/pt\/wp-json\/wp\/v2\/categories?post=1266"},{"taxonomy":"post_tag","embeddable":true,"href":"http:\/\/forotf.com\/pt\/wp-json\/wp\/v2\/tags?post=1266"}],"curies":[{"name":"wp","href":"https:\/\/api.w.org\/{rel}","templated":true}]}}